{"id":31580,"date":"2015-05-01T17:30:39","date_gmt":"2015-05-01T14:30:39","guid":{"rendered":"http:\/\/www.sanasyria.org\/tr\/?p=31580"},"modified":"2015-05-01T17:30:39","modified_gmt":"2015-05-01T14:30:39","slug":"kitleler-akp-halka-hesap-verecek-suriye-halki-yalniz-degildir","status":"publish","type":"post","link":"https:\/\/archive.sana.sy\/tr\/?p=31580","title":{"rendered":"Kitleler: AKP Halka Hesap Verecek\u2026 Suriye Halk\u0131 Yaln\u0131z De\u011fildir"},"content":{"rendered":"<p>HATAY \u2013 Antakya\u2019n\u0131n Samanda\u011f il\u00e7esi merkezinde d\u00fcn bir araya gelen binlerce ki\u015fi, T\u00fcrkiye&#8217;de ihvanc\u0131 AKP h\u00fck\u00fcmetinin Suriye&#8217;yi kan deryas\u0131 haline getiren katil s\u00fcr\u00fclerine lojistik ve e\u011fitim deste\u011fi vermesini protesto etti.<\/p>\n<p>Bir\u00e7ok siyasi parti, sendika ve sivil toplum \u00f6rg\u00fct\u00fcn\u00fcn i\u015fbirli\u011fi i\u00e7erisinde, Samanda\u011f ve Antakya merkezlerinde d\u00fczenledikleri protesto g\u00f6sterisine kat\u0131lan binlerce ki\u015fi Suriye halk\u0131 ile dayan\u0131\u015fma sloganlar\u0131 hayk\u0131rd\u0131.<\/p>\n<p>Samanda\u011f Mustafa Kemal Park\u0131nda bir araya gelen kitleler Abdullah C\u00f6mert Park\u0131na kadar \u201cSuriye Halk\u0131 Yaln\u0131z De\u011fildir, AKP Halk\u0131 Hesap Verecek\u2019 sloganlar\u0131n\u0131 hayk\u0131rarak y\u00fcr\u00fcy\u00fc\u015f yapt\u0131.<\/p>\n<p>Abdullah C\u00f6mert Park\u0131nda kitlelere hitap eden siyaset\u00e7i ve sivil toplum temsilcileri, T\u00fcrkiye h\u00fck\u00fcmetinin \u201cE\u011fit Donat\u201d ba\u015fl\u0131\u011f\u0131 alt\u0131nda silahl\u0131 ter\u00f6r gruplar\u0131na sa\u011flad\u0131\u011f\u0131 deste\u011fin Suriye topraklar\u0131nda katliam ve vah\u015fete d\u00f6n\u00fc\u015ferek karde\u015f Suriye halk\u0131n\u0131n ya\u015fam\u0131n\u0131 karartt\u0131\u011f\u0131 ifade ettiler.<\/p>\n<p>Kat\u0131l\u0131mc\u0131lar\u0131n ellerinde Suriye bayra\u011f\u0131n\u0131 dalgaland\u0131rd\u0131klar\u0131 g\u00f6steride yap\u0131lan a\u00e7\u0131klamalar ve hayk\u0131r\u0131lan sloganlarda T\u00fcrkiye h\u00fck\u00fcmetinin ter\u00f6r\u00fc destekleyen politikalar\u0131 protesto edilirken Nusra Cephesi ter\u00f6ristleri taraf\u0131ndan Hama k\u0131rsal\u0131 \u0130\u015ftebrak Beldesinde i\u015flenen vah\u015fi katliam lanetlendi.<\/p>\n<p>G\u00f6steride bir konu\u015fma yapan Milletvekili Refik Ery\u0131lmaz, T\u00fcrkiye h\u00fck\u00fcmetinin 4 y\u0131ldan uzun bir s\u00fcredir Suriye&#8217;de vah\u015fi katliamlar i\u015fleyen ter\u00f6ristleri destekleyen politikalar\u0131n\u0131 ele\u015ftirdi.<\/p>\n<p>G\u00f6sterinin organizasyonunda yer alan Sosyalist Yeniden Kurulu\u015f Partisi Ba\u015fkan\u0131 Orhan Cabir ise yapt\u0131\u011f\u0131 konu\u015fmada, ter\u00f6re verdi\u011fi destek nedeniyle Adalet ve Kalk\u0131nma Partisinden hesap sormak i\u00e7in bir araya gelme \u00e7a\u011fr\u0131s\u0131nda bulundu.<\/p>\n<p>Adalet ve Kalk\u0131nma Partisinin kucak a\u00e7t\u0131\u011f\u0131 ve destekledi\u011fi silahl\u0131 ter\u00f6r gruplar\u0131 taraf\u0131ndan i\u015flenen katliamlar\u0131n ard\u0131 arkas\u0131n\u0131n kesilmedi\u011fini dile getiren Cabir, bu katliamlar kar\u015f\u0131s\u0131nda sessiz kal\u0131nmas\u0131 halinde bu katliamlar\u0131n yayg\u0131nla\u015farak devam edece\u011fini belirtti.<\/p>\n<p>Bir araya gelip kar\u015f\u0131 durmad\u0131k\u00e7a ter\u00f6r\u00fcn can almaya devam edece\u011finin alt\u0131n\u0131 \u00e7izen Cabir, herkesin katliamlar kar\u015f\u0131s\u0131nda sesini y\u00fckseltme sorumlulu\u011fu bulundu\u011funu vurgulad\u0131.<\/p>\n<div id='gallery-1' class='gallery galleryid-31580 gallery-columns-3 gallery-size-thumbnail'><figure class='gallery-item'>\n\t\t\t<div class='gallery-icon landscape'>\n\t\t\t\t<a href='https:\/\/archive.sana.sy\/tr\/wp-content\/uploads\/2015\/05\/samanda\u011f-g\u00f6steri6.jpg'><img loading=\"lazy\" decoding=\"async\" width=\"150\" height=\"113\" src=\"https:\/\/archive.sana.sy\/tr\/wp-content\/uploads\/2015\/05\/samanda\u011f-g\u00f6steri6-150x113.jpg\" class=\"attachment-thumbnail size-thumbnail\" alt=\"\" srcset=\"https:\/\/archive.sana.sy\/tr\/wp-content\/uploads\/2015\/05\/samanda\u011f-g\u00f6steri6-150x113.jpg 150w, https:\/\/archive.sana.sy\/tr\/wp-content\/uploads\/2015\/05\/samanda\u011f-g\u00f6steri6-300x225.jpg 300w, https:\/\/archive.sana.sy\/tr\/wp-content\/uploads\/2015\/05\/samanda\u011f-g\u00f6steri6.jpg 500w\" sizes=\"auto, (max-width: 150px) 100vw, 150px\" \/><\/a>\n\t\t\t<\/div><\/figure><figure class='gallery-item'>\n\t\t\t<div class='gallery-icon landscape'>\n\t\t\t\t<a href='https:\/\/archive.sana.sy\/tr\/wp-content\/uploads\/2015\/05\/samanda\u011f-g\u00f6steri7.jpg'><img loading=\"lazy\" decoding=\"async\" width=\"150\" height=\"115\" src=\"https:\/\/archive.sana.sy\/tr\/wp-content\/uploads\/2015\/05\/samanda\u011f-g\u00f6steri7-150x115.jpg\" class=\"attachment-thumbnail size-thumbnail\" alt=\"\" srcset=\"https:\/\/archive.sana.sy\/tr\/wp-content\/uploads\/2015\/05\/samanda\u011f-g\u00f6steri7-150x115.jpg 150w, https:\/\/archive.sana.sy\/tr\/wp-content\/uploads\/2015\/05\/samanda\u011f-g\u00f6steri7-300x229.jpg 300w, https:\/\/archive.sana.sy\/tr\/wp-content\/uploads\/2015\/05\/samanda\u011f-g\u00f6steri7.jpg 500w\" sizes=\"auto, (max-width: 150px) 100vw, 150px\" \/><\/a>\n\t\t\t<\/div><\/figure><figure class='gallery-item'>\n\t\t\t<div class='gallery-icon landscape'>\n\t\t\t\t<a href='https:\/\/archive.sana.sy\/tr\/wp-content\/uploads\/2015\/05\/samanda\u011f-g\u00f6steri8.jpg'><img loading=\"lazy\" decoding=\"async\" width=\"150\" height=\"113\" src=\"https:\/\/archive.sana.sy\/tr\/wp-content\/uploads\/2015\/05\/samanda\u011f-g\u00f6steri8-150x113.jpg\" class=\"attachment-thumbnail size-thumbnail\" alt=\"\" srcset=\"https:\/\/archive.sana.sy\/tr\/wp-content\/uploads\/2015\/05\/samanda\u011f-g\u00f6steri8-150x113.jpg 150w, https:\/\/archive.sana.sy\/tr\/wp-content\/uploads\/2015\/05\/samanda\u011f-g\u00f6steri8-300x225.jpg 300w, https:\/\/archive.sana.sy\/tr\/wp-content\/uploads\/2015\/05\/samanda\u011f-g\u00f6steri8.jpg 500w\" sizes=\"auto, (max-width: 150px) 100vw, 150px\" \/><\/a>\n\t\t\t<\/div><\/figure><figure class='gallery-item'>\n\t\t\t<div class='gallery-icon landscape'>\n\t\t\t\t<a href='https:\/\/archive.sana.sy\/tr\/wp-content\/uploads\/2015\/05\/samanda\u011f-g\u00f6steri9.jpg'><img loading=\"lazy\" decoding=\"async\" width=\"150\" height=\"113\" src=\"https:\/\/archive.sana.sy\/tr\/wp-content\/uploads\/2015\/05\/samanda\u011f-g\u00f6steri9-150x113.jpg\" class=\"attachment-thumbnail size-thumbnail\" alt=\"\" srcset=\"https:\/\/archive.sana.sy\/tr\/wp-content\/uploads\/2015\/05\/samanda\u011f-g\u00f6steri9-150x113.jpg 150w, https:\/\/archive.sana.sy\/tr\/wp-content\/uploads\/2015\/05\/samanda\u011f-g\u00f6steri9-300x225.jpg 300w, https:\/\/archive.sana.sy\/tr\/wp-content\/uploads\/2015\/05\/samanda\u011f-g\u00f6steri9.jpg 500w\" sizes=\"auto, (max-width: 150px) 100vw, 150px\" \/><\/a>\n\t\t\t<\/div><\/figure><figure class='gallery-item'>\n\t\t\t<div class='gallery-icon landscape'>\n\t\t\t\t<a href='https:\/\/archive.sana.sy\/tr\/wp-content\/uploads\/2015\/05\/11.jpg'><img loading=\"lazy\" decoding=\"async\" width=\"150\" height=\"113\" src=\"https:\/\/archive.sana.sy\/tr\/wp-content\/uploads\/2015\/05\/11-150x113.jpg\" class=\"attachment-thumbnail size-thumbnail\" alt=\"\" srcset=\"https:\/\/archive.sana.sy\/tr\/wp-content\/uploads\/2015\/05\/11-150x113.jpg 150w, https:\/\/archive.sana.sy\/tr\/wp-content\/uploads\/2015\/05\/11-300x225.jpg 300w, https:\/\/archive.sana.sy\/tr\/wp-content\/uploads\/2015\/05\/11.jpg 960w\" sizes=\"auto, (max-width: 150px) 100vw, 150px\" \/><\/a>\n\t\t\t<\/div><\/figure><figure class='gallery-item'>\n\t\t\t<div class='gallery-icon landscape'>\n\t\t\t\t<a href='https:\/\/archive.sana.sy\/tr\/wp-content\/uploads\/2015\/05\/111.jpg'><img loading=\"lazy\" decoding=\"async\" width=\"150\" height=\"113\" src=\"https:\/\/archive.sana.sy\/tr\/wp-content\/uploads\/2015\/05\/111-150x113.jpg\" class=\"attachment-thumbnail size-thumbnail\" alt=\"\" srcset=\"https:\/\/archive.sana.sy\/tr\/wp-content\/uploads\/2015\/05\/111-150x113.jpg 150w, https:\/\/archive.sana.sy\/tr\/wp-content\/uploads\/2015\/05\/111-300x225.jpg 300w, https:\/\/archive.sana.sy\/tr\/wp-content\/uploads\/2015\/05\/111.jpg 960w\" sizes=\"auto, (max-width: 150px) 100vw, 150px\" \/><\/a>\n\t\t\t<\/div><\/figure><figure class='gallery-item'>\n\t\t\t<div class='gallery-icon landscape'>\n\t\t\t\t<a href='https:\/\/archive.sana.sy\/tr\/wp-content\/uploads\/2015\/05\/samanda\u011f-g\u00f6steri2.jpg'><img loading=\"lazy\" decoding=\"async\" width=\"150\" height=\"113\" src=\"https:\/\/archive.sana.sy\/tr\/wp-content\/uploads\/2015\/05\/samanda\u011f-g\u00f6steri2-150x113.jpg\" class=\"attachment-thumbnail size-thumbnail\" alt=\"\" srcset=\"https:\/\/archive.sana.sy\/tr\/wp-content\/uploads\/2015\/05\/samanda\u011f-g\u00f6steri2-150x113.jpg 150w, https:\/\/archive.sana.sy\/tr\/wp-content\/uploads\/2015\/05\/samanda\u011f-g\u00f6steri2-300x225.jpg 300w, https:\/\/archive.sana.sy\/tr\/wp-content\/uploads\/2015\/05\/samanda\u011f-g\u00f6steri2.jpg 500w\" sizes=\"auto, (max-width: 150px) 100vw, 150px\" \/><\/a>\n\t\t\t<\/div><\/figure><figure class='gallery-item'>\n\t\t\t<div class='gallery-icon landscape'>\n\t\t\t\t<a href='https:\/\/archive.sana.sy\/tr\/wp-content\/uploads\/2015\/05\/samanda\u011f-g\u00f6steri4.jpg'><img loading=\"lazy\" decoding=\"async\" width=\"150\" height=\"113\" src=\"https:\/\/archive.sana.sy\/tr\/wp-content\/uploads\/2015\/05\/samanda\u011f-g\u00f6steri4-150x113.jpg\" class=\"attachment-thumbnail size-thumbnail\" alt=\"\" srcset=\"https:\/\/archive.sana.sy\/tr\/wp-content\/uploads\/2015\/05\/samanda\u011f-g\u00f6steri4-150x113.jpg 150w, https:\/\/archive.sana.sy\/tr\/wp-content\/uploads\/2015\/05\/samanda\u011f-g\u00f6steri4-300x225.jpg 300w, https:\/\/archive.sana.sy\/tr\/wp-content\/uploads\/2015\/05\/samanda\u011f-g\u00f6steri4.jpg 500w\" sizes=\"auto, (max-width: 150px) 100vw, 150px\" \/><\/a>\n\t\t\t<\/div><\/figure><figure class='gallery-item'>\n\t\t\t<div class='gallery-icon landscape'>\n\t\t\t\t<a href='https:\/\/archive.sana.sy\/tr\/wp-content\/uploads\/2015\/05\/samanda\u011f-g\u00f6steri5.jpg'><img loading=\"lazy\" decoding=\"async\" width=\"150\" height=\"113\" src=\"https:\/\/archive.sana.sy\/tr\/wp-content\/uploads\/2015\/05\/samanda\u011f-g\u00f6steri5-150x113.jpg\" class=\"attachment-thumbnail size-thumbnail\" alt=\"\" srcset=\"https:\/\/archive.sana.sy\/tr\/wp-content\/uploads\/2015\/05\/samanda\u011f-g\u00f6steri5-150x113.jpg 150w, https:\/\/archive.sana.sy\/tr\/wp-content\/uploads\/2015\/05\/samanda\u011f-g\u00f6steri5-300x225.jpg 300w, https:\/\/archive.sana.sy\/tr\/wp-content\/uploads\/2015\/05\/samanda\u011f-g\u00f6steri5.jpg 500w\" sizes=\"auto, (max-width: 150px) 100vw, 150px\" \/><\/a>\n\t\t\t<\/div><\/figure>\n\t\t<\/div>\n\n<p>https:\/\/www.youtube.com\/watch?v=tvqabniRqUo<\/p>\n<p>F.B. &#8211; M.M.<\/p>\n","protected":false},"excerpt":{"rendered":"<p>HATAY \u2013 Antakya\u2019n\u0131n Samanda\u011f il\u00e7esi merkezinde d\u00fcn bir araya gelen binlerce ki\u015fi, T\u00fcrkiye&#8217;de ihvanc\u0131 AKP h\u00fck\u00fcmetinin Suriye&#8217;yi kan deryas\u0131 haline getiren katil s\u00fcr\u00fclerine lojistik ve e\u011fitim deste\u011fi vermesini protesto etti. Bir\u00e7ok siyasi parti, sendika ve sivil toplum \u00f6rg\u00fct\u00fcn\u00fcn i\u015fbirli\u011fi i\u00e7erisinde, Samanda\u011f ve Antakya merkezlerinde d\u00fczenledikleri protesto g\u00f6sterisine kat\u0131lan binlerce ki\u015fi Suriye halk\u0131 ile dayan\u0131\u015fma sloganlar\u0131 &hellip;<\/p>\n","protected":false},"author":1,"featured_media":31591,"comment_status":"closed","ping_status":"closed","sticky":false,"template":"","format":"standard","meta":{"footnotes":""},"categories":[458,596,459,447,2554,2555],"tags":[14212],"class_list":["post-31580","post","type-post","status-publish","format-standard","has-post-thumbnail","","category-dunya1","category-fotografli-raporlar","category-haberler-arap-uluslararasi-politika","category-politika","category-suriye-ve-dunya","category-suriye-ve-turkiye","tag-kitleler-akp-halka-hesap-verecek-suriye-halki-yalniz-degildir"],"_links":{"self":[{"href":"https:\/\/archive.sana.sy\/tr\/index.php?rest_route=\/wp\/v2\/posts\/31580","targetHints":{"allow":["GET"]}}],"collection":[{"href":"https:\/\/archive.sana.sy\/tr\/index.php?rest_route=\/wp\/v2\/posts"}],"about":[{"href":"https:\/\/archive.sana.sy\/tr\/index.php?rest_route=\/wp\/v2\/types\/post"}],"author":[{"embeddable":true,"href":"https:\/\/archive.sana.sy\/tr\/index.php?rest_route=\/wp\/v2\/users\/1"}],"replies":[{"embeddable":true,"href":"https:\/\/archive.sana.sy\/tr\/index.php?rest_route=%2Fwp%2Fv2%2Fcomments&post=31580"}],"version-history":[{"count":0,"href":"https:\/\/archive.sana.sy\/tr\/index.php?rest_route=\/wp\/v2\/posts\/31580\/revisions"}],"wp:featuredmedia":[{"embeddable":true,"href":"https:\/\/archive.sana.sy\/tr\/index.php?rest_route=\/wp\/v2\/media\/31591"}],"wp:attachment":[{"href":"https:\/\/archive.sana.sy\/tr\/index.php?rest_route=%2Fwp%2Fv2%2Fmedia&parent=31580"}],"wp:term":[{"taxonomy":"category","embeddable":true,"href":"https:\/\/archive.sana.sy\/tr\/index.php?rest_route=%2Fwp%2Fv2%2Fcategories&post=31580"},{"taxonomy":"post_tag","embeddable":true,"href":"https:\/\/archive.sana.sy\/tr\/index.php?rest_route=%2Fwp%2Fv2%2Ftags&post=31580"}],"curies":[{"name":"wp","href":"https:\/\/api.w.org\/{rel}","templated":true}]}}