{"id":315802,"date":"2025-02-20T13:41:47","date_gmt":"2025-02-20T10:41:47","guid":{"rendered":"https:\/\/sana.sy\/tr\/?p=315802"},"modified":"2025-02-20T18:10:38","modified_gmt":"2025-02-20T15:10:38","slug":"sivil-savunma-neyrab-ilcesinde-bir-evde-savas-kalintilarinin-patlamasi-sonucu-sivil-sehit-ve-yaralilar","status":"publish","type":"post","link":"https:\/\/archive.sana.sy\/tr\/?p=315802","title":{"rendered":"Sivil Savunma: Neyreb b\u00f6lgesinde Bir Evde Sava\u015f Kal\u0131nt\u0131lar\u0131n\u0131n Patlamas\u0131 Sonucu Sivil \u015eehit Ve Yaral\u0131lar"},"content":{"rendered":"<p style=\"text-align: justify;\"><strong><span style=\"color: #800000;\">\u0130DL\u0130B (SANA)<\/span> \u2013 <\/strong>Bug\u00fcn \u0130dlib&#8217;in do\u011fusundaki El Neyreb kasabas\u0131nda bir evde meydana gelen sava\u015f kal\u0131nt\u0131lar\u0131n\u0131n patlamas\u0131 sonucu ayn\u0131 aileden 3 sivil (bir erkek, bir kad\u0131n ve bir \u00e7ocuk) \u015fehit d\u00fc\u015ft\u00fc, bir k\u0131z \u00e7ocu\u011fu da yaraland\u0131.<\/p>\n<p style=\"text-align: justify;\">Sivil Savunma, Telegram kanal\u0131nda yapt\u0131\u011f\u0131 a\u00e7\u0131klamada, patlaman\u0131n yaratt\u0131\u011f\u0131 b\u00fcy\u00fck y\u0131k\u0131m kar\u015f\u0131s\u0131nda ekiplerinin b\u00f6lgede arama kurtarma \u00e7al\u0131\u015fmalar\u0131n\u0131 s\u00fcrd\u00fcrd\u00fc\u011f\u00fcn\u00fc a\u00e7\u0131klad\u0131.<\/p>\n<div id='gallery-1' class='gallery galleryid-315802 gallery-columns-5 gallery-size-full'><figure class='gallery-item'>\n\t\t\t<div class='gallery-icon landscape'>\n\t\t\t\t<a href='https:\/\/archive.sana.sy\/tr\/wp-content\/uploads\/2025\/02\/00000.jpg'><img loading=\"lazy\" decoding=\"async\" width=\"660\" height=\"495\" src=\"https:\/\/archive.sana.sy\/tr\/wp-content\/uploads\/2025\/02\/00000.jpg\" class=\"attachment-full size-full\" alt=\"\" srcset=\"https:\/\/archive.sana.sy\/tr\/wp-content\/uploads\/2025\/02\/00000.jpg 660w, https:\/\/archive.sana.sy\/tr\/wp-content\/uploads\/2025\/02\/00000-300x225.jpg 300w\" sizes=\"auto, (max-width: 660px) 100vw, 660px\" \/><\/a>\n\t\t\t<\/div><\/figure><figure class='gallery-item'>\n\t\t\t<div class='gallery-icon landscape'>\n\t\t\t\t<a href='https:\/\/archive.sana.sy\/tr\/wp-content\/uploads\/2025\/02\/0000-2.jpg'><img loading=\"lazy\" decoding=\"async\" width=\"660\" height=\"495\" src=\"https:\/\/archive.sana.sy\/tr\/wp-content\/uploads\/2025\/02\/0000-2.jpg\" class=\"attachment-full size-full\" alt=\"\" srcset=\"https:\/\/archive.sana.sy\/tr\/wp-content\/uploads\/2025\/02\/0000-2.jpg 660w, https:\/\/archive.sana.sy\/tr\/wp-content\/uploads\/2025\/02\/0000-2-300x225.jpg 300w\" sizes=\"auto, (max-width: 660px) 100vw, 660px\" \/><\/a>\n\t\t\t<\/div><\/figure><figure class='gallery-item'>\n\t\t\t<div class='gallery-icon landscape'>\n\t\t\t\t<a href='https:\/\/archive.sana.sy\/tr\/wp-content\/uploads\/2025\/02\/000-5.jpg'><img loading=\"lazy\" decoding=\"async\" width=\"660\" height=\"495\" src=\"https:\/\/archive.sana.sy\/tr\/wp-content\/uploads\/2025\/02\/000-5.jpg\" class=\"attachment-full size-full\" alt=\"\" srcset=\"https:\/\/archive.sana.sy\/tr\/wp-content\/uploads\/2025\/02\/000-5.jpg 660w, https:\/\/archive.sana.sy\/tr\/wp-content\/uploads\/2025\/02\/000-5-300x225.jpg 300w\" sizes=\"auto, (max-width: 660px) 100vw, 660px\" \/><\/a>\n\t\t\t<\/div><\/figure><figure class='gallery-item'>\n\t\t\t<div class='gallery-icon landscape'>\n\t\t\t\t<a href='https:\/\/archive.sana.sy\/tr\/wp-content\/uploads\/2025\/02\/00-12.jpg'><img loading=\"lazy\" decoding=\"async\" width=\"660\" height=\"495\" src=\"https:\/\/archive.sana.sy\/tr\/wp-content\/uploads\/2025\/02\/00-12.jpg\" class=\"attachment-full size-full\" alt=\"\" srcset=\"https:\/\/archive.sana.sy\/tr\/wp-content\/uploads\/2025\/02\/00-12.jpg 660w, https:\/\/archive.sana.sy\/tr\/wp-content\/uploads\/2025\/02\/00-12-300x225.jpg 300w\" sizes=\"auto, (max-width: 660px) 100vw, 660px\" \/><\/a>\n\t\t\t<\/div><\/figure><figure class='gallery-item'>\n\t\t\t<div class='gallery-icon landscape'>\n\t\t\t\t<a href='https:\/\/archive.sana.sy\/tr\/wp-content\/uploads\/2025\/02\/0-57.jpg'><img loading=\"lazy\" decoding=\"async\" width=\"660\" height=\"495\" src=\"https:\/\/archive.sana.sy\/tr\/wp-content\/uploads\/2025\/02\/0-57.jpg\" class=\"attachment-full size-full\" alt=\"\" srcset=\"https:\/\/archive.sana.sy\/tr\/wp-content\/uploads\/2025\/02\/0-57.jpg 660w, https:\/\/archive.sana.sy\/tr\/wp-content\/uploads\/2025\/02\/0-57-300x225.jpg 300w\" sizes=\"auto, (max-width: 660px) 100vw, 660px\" \/><\/a>\n\t\t\t<\/div><\/figure>\n\t\t<\/div>\n\n","protected":false},"excerpt":{"rendered":"<p>\u0130DL\u0130B (SANA) \u2013 Bug\u00fcn \u0130dlib&#8217;in do\u011fusundaki El Neyreb kasabas\u0131nda bir evde meydana gelen sava\u015f kal\u0131nt\u0131lar\u0131n\u0131n patlamas\u0131 sonucu ayn\u0131 aileden 3 sivil (bir erkek, bir kad\u0131n ve bir \u00e7ocuk) \u015fehit d\u00fc\u015ft\u00fc, bir k\u0131z \u00e7ocu\u011fu da yaraland\u0131. Sivil Savunma, Telegram kanal\u0131nda yapt\u0131\u011f\u0131 a\u00e7\u0131klamada, patlaman\u0131n yaratt\u0131\u011f\u0131 b\u00fcy\u00fck y\u0131k\u0131m kar\u015f\u0131s\u0131nda ekiplerinin b\u00f6lgede arama kurtarma \u00e7al\u0131\u015fmalar\u0131n\u0131 s\u00fcrd\u00fcrd\u00fc\u011f\u00fcn\u00fc a\u00e7\u0131klad\u0131.<\/p>\n","protected":false},"author":39,"featured_media":315803,"comment_status":"closed","ping_status":"closed","sticky":false,"template":"","format":"standard","meta":{"footnotes":""},"categories":[589,479,17988,478],"tags":[],"class_list":["post-315802","post","type-post","status-publish","format-standard","has-post-thumbnail","","category-haber-seridi","category-haberler-yerel","category-son-haberler","category-yerel"],"_links":{"self":[{"href":"https:\/\/archive.sana.sy\/tr\/index.php?rest_route=\/wp\/v2\/posts\/315802","targetHints":{"allow":["GET"]}}],"collection":[{"href":"https:\/\/archive.sana.sy\/tr\/index.php?rest_route=\/wp\/v2\/posts"}],"about":[{"href":"https:\/\/archive.sana.sy\/tr\/index.php?rest_route=\/wp\/v2\/types\/post"}],"author":[{"embeddable":true,"href":"https:\/\/archive.sana.sy\/tr\/index.php?rest_route=\/wp\/v2\/users\/39"}],"replies":[{"embeddable":true,"href":"https:\/\/archive.sana.sy\/tr\/index.php?rest_route=%2Fwp%2Fv2%2Fcomments&post=315802"}],"version-history":[{"count":4,"href":"https:\/\/archive.sana.sy\/tr\/index.php?rest_route=\/wp\/v2\/posts\/315802\/revisions"}],"predecessor-version":[{"id":315871,"href":"https:\/\/archive.sana.sy\/tr\/index.php?rest_route=\/wp\/v2\/posts\/315802\/revisions\/315871"}],"wp:featuredmedia":[{"embeddable":true,"href":"https:\/\/archive.sana.sy\/tr\/index.php?rest_route=\/wp\/v2\/media\/315803"}],"wp:attachment":[{"href":"https:\/\/archive.sana.sy\/tr\/index.php?rest_route=%2Fwp%2Fv2%2Fmedia&parent=315802"}],"wp:term":[{"taxonomy":"category","embeddable":true,"href":"https:\/\/archive.sana.sy\/tr\/index.php?rest_route=%2Fwp%2Fv2%2Fcategories&post=315802"},{"taxonomy":"post_tag","embeddable":true,"href":"https:\/\/archive.sana.sy\/tr\/index.php?rest_route=%2Fwp%2Fv2%2Ftags&post=315802"}],"curies":[{"name":"wp","href":"https:\/\/api.w.org\/{rel}","templated":true}]}}