{"id":315812,"date":"2025-02-20T14:01:38","date_gmt":"2025-02-20T11:01:38","guid":{"rendered":"https:\/\/sana.sy\/tr\/?p=315812"},"modified":"2025-02-20T18:09:47","modified_gmt":"2025-02-20T15:09:47","slug":"idlib-valisi-uluslararasi-insan-haklari-ve-multeci-isleri-orgutu-ile-kamplardaki-yerinden-edilmislerin-gercekligini-gorustu","status":"publish","type":"post","link":"https:\/\/archive.sana.sy\/tr\/?p=315812","title":{"rendered":"\u0130dlib Valisi, Uluslararas\u0131 \u0130nsan Haklar\u0131 Ve M\u00fclteci \u0130\u015fleri \u00d6rg\u00fct\u00fc \u0130le Kamplardaki Yerinden Edilmi\u015flerin Ger\u00e7ekli\u011fini G\u00f6r\u00fc\u015ft\u00fc"},"content":{"rendered":"<p style=\"text-align: justify;\"><strong><span style=\"color: #800000;\">\u0130DL\u0130B (SANA)<\/span> \u2013<\/strong> \u0130dlib Valisi Muhammed Abd\u00fclrahman, Suriye M\u00fclteciler Y\u00fcksek Komiser Yard\u0131mc\u0131s\u0131 Dr. Mervan Kanco&#8217;nun temsil etti\u011fi Uluslararas\u0131 \u0130nsan Haklar\u0131 ve M\u00fclteci \u0130\u015fleri \u00d6rg\u00fct\u00fc&#8217;nden bir heyetle g\u00f6r\u00fc\u015ft\u00fc.<\/p>\n<p style=\"text-align: justify;\">\u0130dlib Valili\u011fi, Telegram kanal\u0131nda yapt\u0131\u011f\u0131 a\u00e7\u0131klamada, iki taraf\u0131n valilikteki insani durumu, \u00f6zellikle de kamplarda yerinden edilmi\u015f insanlar\u0131m\u0131z\u0131n ya\u015fad\u0131\u011f\u0131 ger\u00e7ekli\u011fi, halka hizmet sunumunda koordinasyon ve ortak \u00e7al\u0131\u015fman\u0131n gereklili\u011fini ele ald\u0131\u011f\u0131n\u0131 a\u00e7\u0131klad\u0131.<\/p>\n<div id='gallery-1' class='gallery galleryid-315812 gallery-columns-5 gallery-size-full'><figure class='gallery-item'>\n\t\t\t<div class='gallery-icon landscape'>\n\t\t\t\t<a href='https:\/\/archive.sana.sy\/tr\/wp-content\/uploads\/2025\/02\/photo_2025-02-20_13-03-31.jpg'><img loading=\"lazy\" decoding=\"async\" width=\"660\" height=\"396\" src=\"https:\/\/archive.sana.sy\/tr\/wp-content\/uploads\/2025\/02\/photo_2025-02-20_13-03-31.jpg\" class=\"attachment-full size-full\" alt=\"\" srcset=\"https:\/\/archive.sana.sy\/tr\/wp-content\/uploads\/2025\/02\/photo_2025-02-20_13-03-31.jpg 660w, https:\/\/archive.sana.sy\/tr\/wp-content\/uploads\/2025\/02\/photo_2025-02-20_13-03-31-300x180.jpg 300w\" sizes=\"auto, (max-width: 660px) 100vw, 660px\" \/><\/a>\n\t\t\t<\/div><\/figure><figure class='gallery-item'>\n\t\t\t<div class='gallery-icon landscape'>\n\t\t\t\t<a href='https:\/\/archive.sana.sy\/tr\/wp-content\/uploads\/2025\/02\/photo_2025-02-20_13-03-31-3.jpg'><img loading=\"lazy\" decoding=\"async\" width=\"660\" height=\"396\" src=\"https:\/\/archive.sana.sy\/tr\/wp-content\/uploads\/2025\/02\/photo_2025-02-20_13-03-31-3.jpg\" class=\"attachment-full size-full\" alt=\"\" srcset=\"https:\/\/archive.sana.sy\/tr\/wp-content\/uploads\/2025\/02\/photo_2025-02-20_13-03-31-3.jpg 660w, https:\/\/archive.sana.sy\/tr\/wp-content\/uploads\/2025\/02\/photo_2025-02-20_13-03-31-3-300x180.jpg 300w\" sizes=\"auto, (max-width: 660px) 100vw, 660px\" \/><\/a>\n\t\t\t<\/div><\/figure><figure class='gallery-item'>\n\t\t\t<div class='gallery-icon landscape'>\n\t\t\t\t<a href='https:\/\/archive.sana.sy\/tr\/wp-content\/uploads\/2025\/02\/photo_2025-02-20_13-03-31-4.jpg'><img loading=\"lazy\" decoding=\"async\" width=\"660\" height=\"396\" src=\"https:\/\/archive.sana.sy\/tr\/wp-content\/uploads\/2025\/02\/photo_2025-02-20_13-03-31-4.jpg\" class=\"attachment-full size-full\" alt=\"\" srcset=\"https:\/\/archive.sana.sy\/tr\/wp-content\/uploads\/2025\/02\/photo_2025-02-20_13-03-31-4.jpg 660w, https:\/\/archive.sana.sy\/tr\/wp-content\/uploads\/2025\/02\/photo_2025-02-20_13-03-31-4-300x180.jpg 300w\" sizes=\"auto, (max-width: 660px) 100vw, 660px\" \/><\/a>\n\t\t\t<\/div><\/figure><figure class='gallery-item'>\n\t\t\t<div class='gallery-icon landscape'>\n\t\t\t\t<a href='https:\/\/archive.sana.sy\/tr\/wp-content\/uploads\/2025\/02\/photo_2025-02-20_13-03-31-5.jpg'><img loading=\"lazy\" decoding=\"async\" width=\"660\" height=\"396\" src=\"https:\/\/archive.sana.sy\/tr\/wp-content\/uploads\/2025\/02\/photo_2025-02-20_13-03-31-5.jpg\" class=\"attachment-full size-full\" alt=\"\" srcset=\"https:\/\/archive.sana.sy\/tr\/wp-content\/uploads\/2025\/02\/photo_2025-02-20_13-03-31-5.jpg 660w, https:\/\/archive.sana.sy\/tr\/wp-content\/uploads\/2025\/02\/photo_2025-02-20_13-03-31-5-300x180.jpg 300w\" sizes=\"auto, (max-width: 660px) 100vw, 660px\" \/><\/a>\n\t\t\t<\/div><\/figure><figure class='gallery-item'>\n\t\t\t<div class='gallery-icon landscape'>\n\t\t\t\t<a href='https:\/\/archive.sana.sy\/tr\/wp-content\/uploads\/2025\/02\/photo_2025-02-20_13-03-31-6.jpg'><img loading=\"lazy\" decoding=\"async\" width=\"660\" height=\"395\" src=\"https:\/\/archive.sana.sy\/tr\/wp-content\/uploads\/2025\/02\/photo_2025-02-20_13-03-31-6.jpg\" class=\"attachment-full size-full\" alt=\"\" srcset=\"https:\/\/archive.sana.sy\/tr\/wp-content\/uploads\/2025\/02\/photo_2025-02-20_13-03-31-6.jpg 660w, https:\/\/archive.sana.sy\/tr\/wp-content\/uploads\/2025\/02\/photo_2025-02-20_13-03-31-6-300x180.jpg 300w\" sizes=\"auto, (max-width: 660px) 100vw, 660px\" \/><\/a>\n\t\t\t<\/div><\/figure>\n\t\t<\/div>\n\n","protected":false},"excerpt":{"rendered":"<p>\u0130DL\u0130B (SANA) \u2013 \u0130dlib Valisi Muhammed Abd\u00fclrahman, Suriye M\u00fclteciler Y\u00fcksek Komiser Yard\u0131mc\u0131s\u0131 Dr. Mervan Kanco&#8217;nun temsil etti\u011fi Uluslararas\u0131 \u0130nsan Haklar\u0131 ve M\u00fclteci \u0130\u015fleri \u00d6rg\u00fct\u00fc&#8217;nden bir heyetle g\u00f6r\u00fc\u015ft\u00fc. \u0130dlib Valili\u011fi, Telegram kanal\u0131nda yapt\u0131\u011f\u0131 a\u00e7\u0131klamada, iki taraf\u0131n valilikteki insani durumu, \u00f6zellikle de kamplarda yerinden edilmi\u015f insanlar\u0131m\u0131z\u0131n ya\u015fad\u0131\u011f\u0131 ger\u00e7ekli\u011fi, halka hizmet sunumunda koordinasyon ve ortak \u00e7al\u0131\u015fman\u0131n gereklili\u011fini ele &hellip;<\/p>\n","protected":false},"author":39,"featured_media":315813,"comment_status":"closed","ping_status":"closed","sticky":false,"template":"","format":"standard","meta":{"footnotes":""},"categories":[589,526,479,17988,525,478],"tags":[],"class_list":["post-315812","post","type-post","status-publish","format-standard","has-post-thumbnail","","category-haber-seridi","category-haber-ve-raporlar","category-haberler-yerel","category-son-haberler","category-toplum","category-yerel"],"_links":{"self":[{"href":"https:\/\/archive.sana.sy\/tr\/index.php?rest_route=\/wp\/v2\/posts\/315812","targetHints":{"allow":["GET"]}}],"collection":[{"href":"https:\/\/archive.sana.sy\/tr\/index.php?rest_route=\/wp\/v2\/posts"}],"about":[{"href":"https:\/\/archive.sana.sy\/tr\/index.php?rest_route=\/wp\/v2\/types\/post"}],"author":[{"embeddable":true,"href":"https:\/\/archive.sana.sy\/tr\/index.php?rest_route=\/wp\/v2\/users\/39"}],"replies":[{"embeddable":true,"href":"https:\/\/archive.sana.sy\/tr\/index.php?rest_route=%2Fwp%2Fv2%2Fcomments&post=315812"}],"version-history":[{"count":5,"href":"https:\/\/archive.sana.sy\/tr\/index.php?rest_route=\/wp\/v2\/posts\/315812\/revisions"}],"predecessor-version":[{"id":315870,"href":"https:\/\/archive.sana.sy\/tr\/index.php?rest_route=\/wp\/v2\/posts\/315812\/revisions\/315870"}],"wp:featuredmedia":[{"embeddable":true,"href":"https:\/\/archive.sana.sy\/tr\/index.php?rest_route=\/wp\/v2\/media\/315813"}],"wp:attachment":[{"href":"https:\/\/archive.sana.sy\/tr\/index.php?rest_route=%2Fwp%2Fv2%2Fmedia&parent=315812"}],"wp:term":[{"taxonomy":"category","embeddable":true,"href":"https:\/\/archive.sana.sy\/tr\/index.php?rest_route=%2Fwp%2Fv2%2Fcategories&post=315812"},{"taxonomy":"post_tag","embeddable":true,"href":"https:\/\/archive.sana.sy\/tr\/index.php?rest_route=%2Fwp%2Fv2%2Ftags&post=315812"}],"curies":[{"name":"wp","href":"https:\/\/api.w.org\/{rel}","templated":true}]}}