{"id":315822,"date":"2025-02-20T14:17:24","date_gmt":"2025-02-20T11:17:24","guid":{"rendered":"https:\/\/sana.sy\/tr\/?p=315822"},"modified":"2025-02-20T17:58:01","modified_gmt":"2025-02-20T14:58:01","slug":"ulusal-diyalog-konferansi-hazirlik-komitesi-sam-kirsalinda-bir-diyalog-oturumu-baslatti","status":"publish","type":"post","link":"https:\/\/archive.sana.sy\/tr\/?p=315822","title":{"rendered":"Ulusal Diyalog Konferans\u0131 Haz\u0131rl\u0131k Komitesi, \u015eam K\u0131rsal\u0131nda Bir Diyalog Oturumu Ba\u015flatt\u0131"},"content":{"rendered":"<p style=\"text-align: justify;\"><strong>\u015eAM (SANA) &#8211;<\/strong> Suriye Ulusal Diyalog Konferans\u0131 haz\u0131rl\u0131k komitesi ile \u015eam k\u0131rsal valili\u011fi halk\u0131na y\u00f6nelik diyalog oturumu \u015eam Kafr Susa K\u00fclt\u00fcr Merkezi&#8217;nde ba\u015flat\u0131ld\u0131.<\/p>\n","protected":false},"excerpt":{"rendered":"<p>\u015eAM (SANA) &#8211; Suriye Ulusal Diyalog Konferans\u0131 haz\u0131rl\u0131k komitesi ile \u015eam k\u0131rsal valili\u011fi halk\u0131na y\u00f6nelik diyalog oturumu \u015eam Kafr Susa K\u00fclt\u00fcr Merkezi&#8217;nde ba\u015flat\u0131ld\u0131.<\/p>\n","protected":false},"author":39,"featured_media":315823,"comment_status":"closed","ping_status":"closed","sticky":false,"template":"","format":"standard","meta":{"footnotes":""},"categories":[589,479,478],"tags":[],"class_list":["post-315822","post","type-post","status-publish","format-standard","has-post-thumbnail","","category-haber-seridi","category-haberler-yerel","category-yerel"],"_links":{"self":[{"href":"https:\/\/archive.sana.sy\/tr\/index.php?rest_route=\/wp\/v2\/posts\/315822","targetHints":{"allow":["GET"]}}],"collection":[{"href":"https:\/\/archive.sana.sy\/tr\/index.php?rest_route=\/wp\/v2\/posts"}],"about":[{"href":"https:\/\/archive.sana.sy\/tr\/index.php?rest_route=\/wp\/v2\/types\/post"}],"author":[{"embeddable":true,"href":"https:\/\/archive.sana.sy\/tr\/index.php?rest_route=\/wp\/v2\/users\/39"}],"replies":[{"embeddable":true,"href":"https:\/\/archive.sana.sy\/tr\/index.php?rest_route=%2Fwp%2Fv2%2Fcomments&post=315822"}],"version-history":[{"count":2,"href":"https:\/\/archive.sana.sy\/tr\/index.php?rest_route=\/wp\/v2\/posts\/315822\/revisions"}],"predecessor-version":[{"id":315863,"href":"https:\/\/archive.sana.sy\/tr\/index.php?rest_route=\/wp\/v2\/posts\/315822\/revisions\/315863"}],"wp:featuredmedia":[{"embeddable":true,"href":"https:\/\/archive.sana.sy\/tr\/index.php?rest_route=\/wp\/v2\/media\/315823"}],"wp:attachment":[{"href":"https:\/\/archive.sana.sy\/tr\/index.php?rest_route=%2Fwp%2Fv2%2Fmedia&parent=315822"}],"wp:term":[{"taxonomy":"category","embeddable":true,"href":"https:\/\/archive.sana.sy\/tr\/index.php?rest_route=%2Fwp%2Fv2%2Fcategories&post=315822"},{"taxonomy":"post_tag","embeddable":true,"href":"https:\/\/archive.sana.sy\/tr\/index.php?rest_route=%2Fwp%2Fv2%2Ftags&post=315822"}],"curies":[{"name":"wp","href":"https:\/\/api.w.org\/{rel}","templated":true}]}}