{"id":315937,"date":"2025-02-22T17:57:33","date_gmt":"2025-02-22T14:57:33","guid":{"rendered":"https:\/\/sana.sy\/tr\/?p=315937"},"modified":"2025-02-22T17:58:28","modified_gmt":"2025-02-22T14:58:28","slug":"katarli-bir-saglik-ekibi-kalp-kateterizasyonu-ameliyatlari-yapmak-uzere-sama-geldi","status":"publish","type":"post","link":"https:\/\/archive.sana.sy\/tr\/?p=315937","title":{"rendered":"Katarl\u0131 Bir Sa\u011fl\u0131k Ekibi Kalp Kateterizasyonu Ameliyatlar\u0131 Yapmak \u00dczere \u015eam&#8217;a Geldi"},"content":{"rendered":"<p style=\"text-align: justify;\"><span style=\"color: #800000;\"><strong>\u015eAM (SANA)<\/strong><\/span> &#8211; \u00a0Katar K\u0131z\u0131lay\u0131&#8217;n\u0131n d\u00fcnyan\u0131n bir\u00e7ok \u00fclkesinde uygulad\u0131\u011f\u0131 &#8220;T\u0131bbi Konvoylar Projesi&#8221; kapsam\u0131nda Hamad T\u0131bbi \u015eirketi ve Sidra T\u0131p Hastanesi&#8217;nden kalp cerrahisi uzmanlar\u0131ndan olu\u015fan Katarl\u0131 bir t\u0131bbi ekip bug\u00fcn \u015eam Uluslararas\u0131 Havaliman\u0131&#8217;na geldi.<\/p>\n<p style=\"text-align: justify;\">Katar K\u0131z\u0131lay\u0131 T\u0131bbi Koordinat\u00f6r\u00fc Dr. Hasan El Kasum, SANA&#8217;ya yapt\u0131\u011f\u0131 a\u00e7\u0131klamada, heyette yeti\u015fkin ve \u00e7ocuklara y\u00f6nelik kateterizasyon alan\u0131nda uzman ki\u015filerin yer ald\u0131\u011f\u0131n\u0131 belirterek, 80 kalp kateterizasyonu ameliyat\u0131 ve \u00e7ocuklarda kalp deformitelerinin onar\u0131m\u0131n\u0131n \u00fccretsiz olarak yap\u0131lmas\u0131n\u0131n planland\u0131\u011f\u0131n\u0131 s\u00f6yledi.<\/p>\n<p style=\"text-align: justify;\">\u015eam Sa\u011fl\u0131k M\u00fcd\u00fcr\u00fc Dr. Muhammed Ekrem Matuk da benzer bir a\u00e7\u0131klamada, heyetin alan\u0131nda en yetkin kardiyolog ve cerrahlardan olu\u015ftu\u011funu, hastalar\u0131n y\u00fck\u00fcn\u00fcn ve bekleme s\u00fcrelerinin azalt\u0131lmas\u0131na katk\u0131 sa\u011flayacaklar\u0131n\u0131 belirtti.<\/p>\n<div id='gallery-1' class='gallery galleryid-315937 gallery-columns-2 gallery-size-medium'><figure class='gallery-item'>\n\t\t\t<div class='gallery-icon landscape'>\n\t\t\t\t<a href='https:\/\/archive.sana.sy\/tr\/?attachment_id=315938'><img loading=\"lazy\" decoding=\"async\" width=\"300\" height=\"196\" src=\"https:\/\/archive.sana.sy\/tr\/wp-content\/uploads\/2025\/02\/1-13-300x196.jpg\" class=\"attachment-medium size-medium\" alt=\"\" srcset=\"https:\/\/archive.sana.sy\/tr\/wp-content\/uploads\/2025\/02\/1-13-300x196.jpg 300w, https:\/\/archive.sana.sy\/tr\/wp-content\/uploads\/2025\/02\/1-13.jpg 660w\" sizes=\"auto, (max-width: 300px) 100vw, 300px\" \/><\/a>\n\t\t\t<\/div><\/figure><figure class='gallery-item'>\n\t\t\t<div class='gallery-icon landscape'>\n\t\t\t\t<a href='https:\/\/archive.sana.sy\/tr\/?attachment_id=315939'><img loading=\"lazy\" decoding=\"async\" width=\"300\" height=\"191\" src=\"https:\/\/archive.sana.sy\/tr\/wp-content\/uploads\/2025\/02\/2-15-300x191.jpg\" class=\"attachment-medium size-medium\" alt=\"\" srcset=\"https:\/\/archive.sana.sy\/tr\/wp-content\/uploads\/2025\/02\/2-15-300x191.jpg 300w, https:\/\/archive.sana.sy\/tr\/wp-content\/uploads\/2025\/02\/2-15.jpg 660w\" sizes=\"auto, (max-width: 300px) 100vw, 300px\" \/><\/a>\n\t\t\t<\/div><\/figure>\n\t\t<\/div>\n\n","protected":false},"excerpt":{"rendered":"<p>\u015eAM (SANA) &#8211; \u00a0Katar K\u0131z\u0131lay\u0131&#8217;n\u0131n d\u00fcnyan\u0131n bir\u00e7ok \u00fclkesinde uygulad\u0131\u011f\u0131 &#8220;T\u0131bbi Konvoylar Projesi&#8221; kapsam\u0131nda Hamad T\u0131bbi \u015eirketi ve Sidra T\u0131p Hastanesi&#8217;nden kalp cerrahisi uzmanlar\u0131ndan olu\u015fan Katarl\u0131 bir t\u0131bbi ekip bug\u00fcn \u015eam Uluslararas\u0131 Havaliman\u0131&#8217;na geldi. Katar K\u0131z\u0131lay\u0131 T\u0131bbi Koordinat\u00f6r\u00fc Dr. Hasan El Kasum, SANA&#8217;ya yapt\u0131\u011f\u0131 a\u00e7\u0131klamada, heyette yeti\u015fkin ve \u00e7ocuklara y\u00f6nelik kateterizasyon alan\u0131nda uzman ki\u015filerin yer ald\u0131\u011f\u0131n\u0131 &hellip;<\/p>\n","protected":false},"author":41,"featured_media":315940,"comment_status":"closed","ping_status":"closed","sticky":false,"template":"","format":"standard","meta":{"footnotes":""},"categories":[1],"tags":[],"class_list":["post-315937","post","type-post","status-publish","format-standard","has-post-thumbnail","","category-news-not-sorted"],"_links":{"self":[{"href":"https:\/\/archive.sana.sy\/tr\/index.php?rest_route=\/wp\/v2\/posts\/315937","targetHints":{"allow":["GET"]}}],"collection":[{"href":"https:\/\/archive.sana.sy\/tr\/index.php?rest_route=\/wp\/v2\/posts"}],"about":[{"href":"https:\/\/archive.sana.sy\/tr\/index.php?rest_route=\/wp\/v2\/types\/post"}],"author":[{"embeddable":true,"href":"https:\/\/archive.sana.sy\/tr\/index.php?rest_route=\/wp\/v2\/users\/41"}],"replies":[{"embeddable":true,"href":"https:\/\/archive.sana.sy\/tr\/index.php?rest_route=%2Fwp%2Fv2%2Fcomments&post=315937"}],"version-history":[{"count":1,"href":"https:\/\/archive.sana.sy\/tr\/index.php?rest_route=\/wp\/v2\/posts\/315937\/revisions"}],"predecessor-version":[{"id":315941,"href":"https:\/\/archive.sana.sy\/tr\/index.php?rest_route=\/wp\/v2\/posts\/315937\/revisions\/315941"}],"wp:featuredmedia":[{"embeddable":true,"href":"https:\/\/archive.sana.sy\/tr\/index.php?rest_route=\/wp\/v2\/media\/315940"}],"wp:attachment":[{"href":"https:\/\/archive.sana.sy\/tr\/index.php?rest_route=%2Fwp%2Fv2%2Fmedia&parent=315937"}],"wp:term":[{"taxonomy":"category","embeddable":true,"href":"https:\/\/archive.sana.sy\/tr\/index.php?rest_route=%2Fwp%2Fv2%2Fcategories&post=315937"},{"taxonomy":"post_tag","embeddable":true,"href":"https:\/\/archive.sana.sy\/tr\/index.php?rest_route=%2Fwp%2Fv2%2Ftags&post=315937"}],"curies":[{"name":"wp","href":"https:\/\/api.w.org\/{rel}","templated":true}]}}