{"id":315942,"date":"2025-02-23T10:21:41","date_gmt":"2025-02-23T07:21:41","guid":{"rendered":"https:\/\/sana.sy\/tr\/?p=315942"},"modified":"2025-02-24T17:39:20","modified_gmt":"2025-02-24T14:39:20","slug":"ulusal-diyalog-konferansi-hazirlik-komitesi-suriye-icinden-ve-disindan-konferans-katilimcilarina-davetler-yarin-baslayacak","status":"publish","type":"post","link":"https:\/\/archive.sana.sy\/tr\/?p=315942","title":{"rendered":"Ulusal Diyalog Konferans\u0131 Haz\u0131rl\u0131k Komitesi: Suriye \u0130\u00e7inden Ve D\u0131\u015f\u0131ndan Konferans Kat\u0131l\u0131mc\u0131lar\u0131na Davetler Yar\u0131n Ba\u015flayacak"},"content":{"rendered":"<p style=\"text-align: justify;\"><span style=\"color: #800000;\"><strong>\u015eAM (SANA)<\/strong> <\/span>\u2013 Ulusal Diyalog Konferans\u0131 Haz\u0131rl\u0131k Komitesi, komitenin ikinci a\u00e7\u0131klamas\u0131n\u0131 duyurmak \u00fczere \u015eam&#8217;daki Enformasyon Bakanl\u0131\u011f\u0131 genel merkezinde bir bas\u0131n toplant\u0131s\u0131 d\u00fczenledi.<\/p>\n<p style=\"text-align: justify;\">Ulusal Diyalog Konferans\u0131 Haz\u0131rl\u0131k Komitesi bas\u0131n toplant\u0131s\u0131nda \u015funlar\u0131 s\u00f6yledi: \u201cUlusal Diyalog Konferans\u0131 haz\u0131rl\u0131klar\u0131 kapsam\u0131nda Suriye toplumunun \u00e7e\u015fitli kesimlerinin temsilini sa\u011flamak amac\u0131yla t\u00fcm illeri kapsayan 30&#8217;dan fazla toplant\u0131 ger\u00e7ekle\u015ftirildi.\u201d<\/p>\n<p style=\"text-align: justify;\">Komite ayr\u0131ca, &#8220;Toplant\u0131lara yakla\u015f\u0131k 4.000 erkek ve kad\u0131n kat\u0131ld\u0131 ve komite farkl\u0131 g\u00f6r\u00fc\u015f ve e\u011filimleri dinlemek amac\u0131yla bir\u00e7ok diyalog y\u00fcr\u00fctt\u00fc. 2.200&#8217;den fazla m\u00fcdahaleyi dinleyip kaydetti ve 700&#8217;den fazla yaz\u0131l\u0131 katk\u0131 ald\u0131&#8221; ifadelerini kulland\u0131.<\/p>\n<p style=\"text-align: justify;\">Komite \u015f\u00f6yle devam etti: &#8220;Diyalog, sadece bir konferans ya da ge\u00e7ici bir etkinlik de\u011fil, ulusal sorunlar\u0131n a\u015famal\u0131 ve sorumlu bir \u015fekilde \u00e7\u00f6z\u00fcm\u00fcne y\u00f6nelik s\u00fcrd\u00fcr\u00fclebilir bir yakla\u015f\u0131md\u0131r. G\u00f6r\u00fc\u015fmeler s\u0131ras\u0131nda Suriye toplumunun \u00e7e\u015fitli kesimleri aras\u0131nda Ulusal Diyalog Konferans\u0131&#8217;n\u0131 destekleyen ve haz\u0131rl\u0131k \u00e7al\u0131\u015fmalar\u0131n\u0131 kolayla\u015ft\u0131ran y\u00fcksek milli ruh ve sorumluluk duygusu a\u00e7\u0131k\u00e7a hissedildi.&#8221;<\/p>\n<p style=\"text-align: justify;\">Ulusal Diyalog Konferans\u0131 Komitesi \u015funlar\u0131 da s\u00f6yledi: Ge\u00e7i\u015f d\u00f6neminin y\u00f6netilmesi i\u00e7in ge\u00e7ici bir anayasa bildirgesi \u00e7\u0131kar\u0131lmas\u0131n\u0131n gereklili\u011fi ve d\u00f6neme uygun bir ekonomik plan geli\u015ftirilmesinin gereklili\u011fi y\u00f6n\u00fcnde \u00e7a\u011fr\u0131lar tekrarland\u0131. Ayr\u0131ca, h\u00fck\u00fcmet sekt\u00f6rlerinin yeniden yap\u0131land\u0131r\u0131lmas\u0131, kurumlar\u0131n y\u00f6netimine vatanda\u015flar\u0131n dahil edilmesi ve devlet kurumlar\u0131n\u0131n yeniden in\u015fas\u0131n\u0131 kolayla\u015ft\u0131rmak i\u00e7in g\u00fcvenlik ve istikrar\u0131n art\u0131r\u0131lmas\u0131 gerekti\u011fi vurguland\u0131.<\/p>\n<p style=\"text-align: justify;\">Komite, &#8220;Bak\u0131\u015f a\u00e7\u0131lar\u0131ndaki farkl\u0131l\u0131klara ra\u011fmen \u00e7e\u015fitlilik, Suriyelilerin diyalog ve bir arada ya\u015fama becerisinin sa\u011fl\u0131kl\u0131 bir g\u00f6stergesi olup, eski rejimin olu\u015fturmaya \u00e7al\u0131\u015ft\u0131\u011f\u0131 aksine, toplumsal \u00e7e\u015fitlili\u011fin Suriyeliler i\u00e7in bir g\u00fc\u00e7 kayna\u011f\u0131 oldu\u011fu inanc\u0131n\u0131 peki\u015ftirmektedir&#8221; diye devam etti.<\/p>\n<p style=\"text-align: justify;\">Komite d\u00fczenledi\u011fi bas\u0131n toplant\u0131s\u0131nda da \u015funlar\u0131 kaydetti: &#8220;Konferans, komitenin toplumun \u00e7e\u015fitli kesimleriyle yapt\u0131\u011f\u0131 toplant\u0131lardan ortaya \u00e7\u0131kard\u0131\u011f\u0131 konular\u0131 ele alan uzmanla\u015fm\u0131\u015f at\u00f6lye \u00e7al\u0131\u015fmalar\u0131n\u0131 da kapsayacak \u015fekilde pratik bir nitelik ta\u015f\u0131yacakt\u0131r. Her \u00e7al\u0131\u015ftaya konunun uzmanlar\u0131, bilirki\u015filer ve ilgili taraflar kat\u0131larak derinlemesine tart\u0131\u015fmalar yap\u0131lmas\u0131 ve uygulanabilir \u00e7\u00f6z\u00fcmler bulunmas\u0131 sa\u011flanacakt\u0131r.&#8221;<\/p>\n<p style=\"text-align: justify;\">&#8220;Bu konferans, Suriye halk\u0131n\u0131n fedakarl\u0131klar\u0131na lay\u0131k bir gelecek \u00f6zlemlerini ger\u00e7ekle\u015ftirecek ve i\u00e7 bar\u0131\u015f\u0131 koruyacak yeni bir Suriye ulusal kimli\u011finin in\u015fas\u0131 i\u00e7in s\u00fcrekli kolektif \u00e7al\u0131\u015fma gerektiren uzun bir ulusal yolculu\u011fun ilk ad\u0131m\u0131d\u0131r&#8221; a\u00e7\u0131klamas\u0131nda bulunan Komite, bu \u00e7abalara katk\u0131 sa\u011flayan ve kat\u0131lan herkese te\u015fekk\u00fcr ederek, t\u00fcm Suriyelileri Suriye&#8217;nin iyili\u011fi ve gelece\u011fi i\u00e7in bu yolda ilerlemeye \u00e7a\u011f\u0131rd\u0131.<\/p>\n<p style=\"text-align: justify;\">Ulusal Diyalog Konferans\u0131 Haz\u0131rl\u0131k Komitesi S\u00f6zc\u00fcs\u00fc Hasan El Da\u011fim, d\u00fczenledi\u011fi bas\u0131n toplant\u0131s\u0131nda da, &#8220;Konferansa Suriye i\u00e7inden ve d\u0131\u015f\u0131ndan kat\u0131lacak kat\u0131l\u0131mc\u0131lar\u0131n davetleri yar\u0131n ba\u015flayacak, konferans\u0131n yeri daha sonra belirlenecek&#8221; dedi.<\/p>\n<p style=\"text-align: justify;\">El Da\u011fim ay\u0131rca, Ulusal diyalogdan \u00e7\u0131kacak tavsiyeler sadece tavsiye ve formalite olmayaca\u011f\u0131n\u0131, anayasa bildirgesi, ekonomik kimlik ve kurumsal reform plan\u0131 i\u00e7in temel te\u015fkil edece\u011f\u0131n\u0131 da s\u00f6zlerine ekledi.<\/p>\n<p style=\"text-align: justify;\">Resmi S\u00f6zc\u00fc Hasan El Da\u011fim, komitenin ele\u015ftirileri dikkate alarak programlar\u0131n\u0131 de\u011fi\u015ftirdi\u011fini, toplant\u0131n\u0131n \u00f6zellikle do\u011fu b\u00f6lgelerinde \u00e7e\u015fitli kesimlerle yap\u0131laca\u011f\u0131n\u0131, ma\u011fdur, yaral\u0131 ve tutuklu ailelerinin de temsil edilece\u011fini belirtti.<\/p>\n<p style=\"text-align: justify;\">El Da\u011fim, &#8220;Ge\u00e7i\u015f h\u00fck\u00fcmetinin kurulmas\u0131 ulusal diyalog yoluyla ba\u011fda\u015fm\u0131yor, ancak ulusal diyalog toplant\u0131s\u0131n\u0131n ard\u0131ndan kurulmas\u0131 konferans\u0131n \u00f6nerilerinden yararlanmam\u0131z\u0131 sa\u011flayacakt\u0131r&#8221; ifadelerini de s\u00f6zlerine ekledi.<\/p>\n","protected":false},"excerpt":{"rendered":"<p>\u015eAM (SANA) \u2013 Ulusal Diyalog Konferans\u0131 Haz\u0131rl\u0131k Komitesi, komitenin ikinci a\u00e7\u0131klamas\u0131n\u0131 duyurmak \u00fczere \u015eam&#8217;daki Enformasyon Bakanl\u0131\u011f\u0131 genel merkezinde bir bas\u0131n toplant\u0131s\u0131 d\u00fczenledi. Ulusal Diyalog Konferans\u0131 Haz\u0131rl\u0131k Komitesi bas\u0131n toplant\u0131s\u0131nda \u015funlar\u0131 s\u00f6yledi: \u201cUlusal Diyalog Konferans\u0131 haz\u0131rl\u0131klar\u0131 kapsam\u0131nda Suriye toplumunun \u00e7e\u015fitli kesimlerinin temsilini sa\u011flamak amac\u0131yla t\u00fcm illeri kapsayan 30&#8217;dan fazla toplant\u0131 ger\u00e7ekle\u015ftirildi.\u201d Komite ayr\u0131ca, &#8220;Toplant\u0131lara yakla\u015f\u0131k 4.000 &hellip;<\/p>\n","protected":false},"author":39,"featured_media":315943,"comment_status":"closed","ping_status":"closed","sticky":false,"template":"","format":"standard","meta":{"footnotes":""},"categories":[589,479,17988,478],"tags":[43427],"class_list":["post-315942","post","type-post","status-publish","format-standard","has-post-thumbnail","","category-haber-seridi","category-haberler-yerel","category-son-haberler","category-yerel","tag-ulusal-diyalog-konferansi-hazirlik-komitesi-suriye-icinden-ve-disindan-konferans-katilimcilarina-davetler-yarin-baslayacak"],"_links":{"self":[{"href":"https:\/\/archive.sana.sy\/tr\/index.php?rest_route=\/wp\/v2\/posts\/315942","targetHints":{"allow":["GET"]}}],"collection":[{"href":"https:\/\/archive.sana.sy\/tr\/index.php?rest_route=\/wp\/v2\/posts"}],"about":[{"href":"https:\/\/archive.sana.sy\/tr\/index.php?rest_route=\/wp\/v2\/types\/post"}],"author":[{"embeddable":true,"href":"https:\/\/archive.sana.sy\/tr\/index.php?rest_route=\/wp\/v2\/users\/39"}],"replies":[{"embeddable":true,"href":"https:\/\/archive.sana.sy\/tr\/index.php?rest_route=%2Fwp%2Fv2%2Fcomments&post=315942"}],"version-history":[{"count":4,"href":"https:\/\/archive.sana.sy\/tr\/index.php?rest_route=\/wp\/v2\/posts\/315942\/revisions"}],"predecessor-version":[{"id":315970,"href":"https:\/\/archive.sana.sy\/tr\/index.php?rest_route=\/wp\/v2\/posts\/315942\/revisions\/315970"}],"wp:featuredmedia":[{"embeddable":true,"href":"https:\/\/archive.sana.sy\/tr\/index.php?rest_route=\/wp\/v2\/media\/315943"}],"wp:attachment":[{"href":"https:\/\/archive.sana.sy\/tr\/index.php?rest_route=%2Fwp%2Fv2%2Fmedia&parent=315942"}],"wp:term":[{"taxonomy":"category","embeddable":true,"href":"https:\/\/archive.sana.sy\/tr\/index.php?rest_route=%2Fwp%2Fv2%2Fcategories&post=315942"},{"taxonomy":"post_tag","embeddable":true,"href":"https:\/\/archive.sana.sy\/tr\/index.php?rest_route=%2Fwp%2Fv2%2Ftags&post=315942"}],"curies":[{"name":"wp","href":"https:\/\/api.w.org\/{rel}","templated":true}]}}