{"id":315951,"date":"2025-02-23T15:20:45","date_gmt":"2025-02-23T12:20:45","guid":{"rendered":"https:\/\/sana.sy\/tr\/?p=315951"},"modified":"2025-02-23T17:13:06","modified_gmt":"2025-02-23T14:13:06","slug":"disisleri-ve-gurbetciler-bakani-web-zirvesi-katar-2025e-katilmak-uzere-dohaya-geldi","status":"publish","type":"post","link":"https:\/\/archive.sana.sy\/tr\/?p=315951","title":{"rendered":"D\u0131\u015fi\u015fleri ve Gurbet\u00e7iler Bakan\u0131 Web Zirvesi Katar 2025&#8217;e kat\u0131lmak \u00fczere Doha&#8217;ya geldi"},"content":{"rendered":"<p style=\"text-align: justify;\"><span style=\"color: #800000;\"><strong>DOHA (SANA) &#8211;<\/strong><\/span> \u00a0D\u0131\u015fi\u015fleri ve Gurbet\u00e7iler Bakan\u0131 Asaad El \u015eeybani, Katar 2025 Web Zirvesi&#8217;ne kat\u0131lmak ve Katarl\u0131 yetkililerle g\u00f6r\u00fc\u015fmek \u00fczere Katar&#8217;\u0131n ba\u015fkenti Doha&#8217;ya geldi.<\/p>\n","protected":false},"excerpt":{"rendered":"<p>DOHA (SANA) &#8211; \u00a0D\u0131\u015fi\u015fleri ve Gurbet\u00e7iler Bakan\u0131 Asaad El \u015eeybani, Katar 2025 Web Zirvesi&#8217;ne kat\u0131lmak ve Katarl\u0131 yetkililerle g\u00f6r\u00fc\u015fmek \u00fczere Katar&#8217;\u0131n ba\u015fkenti Doha&#8217;ya geldi.<\/p>\n","protected":false},"author":41,"featured_media":315952,"comment_status":"closed","ping_status":"closed","sticky":false,"template":"","format":"standard","meta":{"footnotes":""},"categories":[458,589,459,17988],"tags":[43430],"class_list":["post-315951","post","type-post","status-publish","format-standard","has-post-thumbnail","","category-dunya1","category-haber-seridi","category-haberler-arap-uluslararasi-politika","category-son-haberler","tag-disisleri-ve-gurbetciler-bakani-web-zirvesi-katar-2025e-katilmak-uzere-dohaya-geldi"],"_links":{"self":[{"href":"https:\/\/archive.sana.sy\/tr\/index.php?rest_route=\/wp\/v2\/posts\/315951","targetHints":{"allow":["GET"]}}],"collection":[{"href":"https:\/\/archive.sana.sy\/tr\/index.php?rest_route=\/wp\/v2\/posts"}],"about":[{"href":"https:\/\/archive.sana.sy\/tr\/index.php?rest_route=\/wp\/v2\/types\/post"}],"author":[{"embeddable":true,"href":"https:\/\/archive.sana.sy\/tr\/index.php?rest_route=\/wp\/v2\/users\/41"}],"replies":[{"embeddable":true,"href":"https:\/\/archive.sana.sy\/tr\/index.php?rest_route=%2Fwp%2Fv2%2Fcomments&post=315951"}],"version-history":[{"count":1,"href":"https:\/\/archive.sana.sy\/tr\/index.php?rest_route=\/wp\/v2\/posts\/315951\/revisions"}],"predecessor-version":[{"id":315953,"href":"https:\/\/archive.sana.sy\/tr\/index.php?rest_route=\/wp\/v2\/posts\/315951\/revisions\/315953"}],"wp:featuredmedia":[{"embeddable":true,"href":"https:\/\/archive.sana.sy\/tr\/index.php?rest_route=\/wp\/v2\/media\/315952"}],"wp:attachment":[{"href":"https:\/\/archive.sana.sy\/tr\/index.php?rest_route=%2Fwp%2Fv2%2Fmedia&parent=315951"}],"wp:term":[{"taxonomy":"category","embeddable":true,"href":"https:\/\/archive.sana.sy\/tr\/index.php?rest_route=%2Fwp%2Fv2%2Fcategories&post=315951"},{"taxonomy":"post_tag","embeddable":true,"href":"https:\/\/archive.sana.sy\/tr\/index.php?rest_route=%2Fwp%2Fv2%2Ftags&post=315951"}],"curies":[{"name":"wp","href":"https:\/\/api.w.org\/{rel}","templated":true}]}}