{"id":315960,"date":"2025-02-23T17:20:09","date_gmt":"2025-02-23T14:20:09","guid":{"rendered":"https:\/\/sana.sy\/tr\/?p=315960"},"modified":"2025-02-24T18:22:19","modified_gmt":"2025-02-24T15:22:19","slug":"saglik-bakani-vekili-sema-orgutu-ile-hastaneleri-destekleme-ve-tibbi-hizmetleri-iyilestirme-yollarini-gorustu","status":"publish","type":"post","link":"https:\/\/archive.sana.sy\/tr\/?p=315960","title":{"rendered":"Sa\u011fl\u0131k Bakan\u0131 Vekili, SEMA \u00d6rg\u00fct\u00fc \u0130le Hastaneleri Destekleme Ve T\u0131bbi Hizmetleri \u0130yile\u015ftirme Yollar\u0131n\u0131 G\u00f6r\u00fc\u015ft\u00fc"},"content":{"rendered":"<p style=\"text-align: justify;\"><span style=\"color: #800000;\"><strong>\u015eAM (SANA)<\/strong> <\/span>\u00a0&#8211; Sa\u011fl\u0131k Bakan\u0131 Vekili Dr. Maher El \u015eara, Suriye Gurbet\u00e7iler Tabipler Birli\u011fi (SEMA) heyetiyle Suriye&#8217;deki sa\u011fl\u0131k sekt\u00f6r\u00fcne y\u00f6nelik ortak i\u015fbirli\u011fi ve destek yollar\u0131n\u0131 g\u00f6r\u00fc\u015ft\u00fc.<\/p>\n<p style=\"text-align: justify;\"><img loading=\"lazy\" decoding=\"async\" class=\"size-full wp-image-315962 alignright\" src=\"http:\/\/sana.sy\/tr\/wp-content\/uploads\/2025\/02\/photo_2025-02-23_15-07-45-300x190-1.jpg\" alt=\"\" width=\"300\" height=\"190\" \/>Dr. El \u015eara, bug\u00fcn \u015eam&#8217;daki Bakanl\u0131k binas\u0131nda d\u00fczenlenen toplant\u0131da, Suriye&#8217;de sa\u011fl\u0131k sekt\u00f6r\u00fcn\u00fcn kar\u015f\u0131 kar\u015f\u0131ya oldu\u011fu engelleri ele al\u0131rken, hastaneler ve sa\u011fl\u0131k merkezlerinin desteklenmesi, hastalara sunulan t\u0131bbi hizmet kalitesinin art\u0131r\u0131lmas\u0131 i\u00e7in Bakanl\u0131k ile kurum aras\u0131nda i\u015fbirli\u011finin \u00f6nemine dikkat \u00e7ekti.<\/p>\n<p style=\"text-align: justify;\">\u201cSEMA\u201d \u00f6rg\u00fct\u00fcn\u00fcn m\u00fcd\u00fcr\u00fc Dr. Muhammed Hasan Ma\u011fribiyye ise \u00f6rg\u00fct\u00fcn t\u0131bbi ekibinin hastanelerdeki insanlara sunulan sa\u011fl\u0131k hizmetlerinin ilerleyi\u015fi hakk\u0131nda bilgilendirilmesinin ve sa\u011fl\u0131k \u00e7al\u0131\u015fanlar\u0131n\u0131n kar\u015f\u0131la\u015ft\u0131klar\u0131 zorluklar\u0131 dinleyerek bunlar\u0131n \u00fcstesinden gelmelerine yard\u0131mc\u0131 olunmas\u0131n\u0131n gereklili\u011fini vurgulayarak, \u00f6rg\u00fct\u00fcn, vatanda\u015flara hizmet etmek ve onlar\u0131n ac\u0131lar\u0131n\u0131 hafifletmek gibi insani hedeflerine ula\u015fmak i\u00e7in Suriye&#8217;deki sa\u011fl\u0131k sekt\u00f6r\u00fcne verdi\u011fi deste\u011fi vurgulad\u0131.<\/p>\n","protected":false},"excerpt":{"rendered":"<p>\u015eAM (SANA) \u00a0&#8211; Sa\u011fl\u0131k Bakan\u0131 Vekili Dr. Maher El \u015eara, Suriye Gurbet\u00e7iler Tabipler Birli\u011fi (SEMA) heyetiyle Suriye&#8217;deki sa\u011fl\u0131k sekt\u00f6r\u00fcne y\u00f6nelik ortak i\u015fbirli\u011fi ve destek yollar\u0131n\u0131 g\u00f6r\u00fc\u015ft\u00fc. Dr. El \u015eara, bug\u00fcn \u015eam&#8217;daki Bakanl\u0131k binas\u0131nda d\u00fczenlenen toplant\u0131da, Suriye&#8217;de sa\u011fl\u0131k sekt\u00f6r\u00fcn\u00fcn kar\u015f\u0131 kar\u015f\u0131ya oldu\u011fu engelleri ele al\u0131rken, hastaneler ve sa\u011fl\u0131k merkezlerinin desteklenmesi, hastalara sunulan t\u0131bbi hizmet kalitesinin art\u0131r\u0131lmas\u0131 &hellip;<\/p>\n","protected":false},"author":41,"featured_media":315961,"comment_status":"closed","ping_status":"closed","sticky":false,"template":"","format":"standard","meta":{"footnotes":""},"categories":[589,479,17988,478],"tags":[43199,43432],"class_list":["post-315960","post","type-post","status-publish","format-standard","has-post-thumbnail","","category-haber-seridi","category-haberler-yerel","category-son-haberler","category-yerel","tag-saglik-bakani-vekili","tag-sema-orgutu-ile-hastaneleri-destekleme-ve-tibbi-hizmetleri-iyilestirme-yollarini-gorustu"],"_links":{"self":[{"href":"https:\/\/archive.sana.sy\/tr\/index.php?rest_route=\/wp\/v2\/posts\/315960","targetHints":{"allow":["GET"]}}],"collection":[{"href":"https:\/\/archive.sana.sy\/tr\/index.php?rest_route=\/wp\/v2\/posts"}],"about":[{"href":"https:\/\/archive.sana.sy\/tr\/index.php?rest_route=\/wp\/v2\/types\/post"}],"author":[{"embeddable":true,"href":"https:\/\/archive.sana.sy\/tr\/index.php?rest_route=\/wp\/v2\/users\/41"}],"replies":[{"embeddable":true,"href":"https:\/\/archive.sana.sy\/tr\/index.php?rest_route=%2Fwp%2Fv2%2Fcomments&post=315960"}],"version-history":[{"count":2,"href":"https:\/\/archive.sana.sy\/tr\/index.php?rest_route=\/wp\/v2\/posts\/315960\/revisions"}],"predecessor-version":[{"id":316007,"href":"https:\/\/archive.sana.sy\/tr\/index.php?rest_route=\/wp\/v2\/posts\/315960\/revisions\/316007"}],"wp:featuredmedia":[{"embeddable":true,"href":"https:\/\/archive.sana.sy\/tr\/index.php?rest_route=\/wp\/v2\/media\/315961"}],"wp:attachment":[{"href":"https:\/\/archive.sana.sy\/tr\/index.php?rest_route=%2Fwp%2Fv2%2Fmedia&parent=315960"}],"wp:term":[{"taxonomy":"category","embeddable":true,"href":"https:\/\/archive.sana.sy\/tr\/index.php?rest_route=%2Fwp%2Fv2%2Fcategories&post=315960"},{"taxonomy":"post_tag","embeddable":true,"href":"https:\/\/archive.sana.sy\/tr\/index.php?rest_route=%2Fwp%2Fv2%2Ftags&post=315960"}],"curies":[{"name":"wp","href":"https:\/\/api.w.org\/{rel}","templated":true}]}}