{"id":315964,"date":"2025-02-23T04:23:09","date_gmt":"2025-02-23T01:23:09","guid":{"rendered":"https:\/\/sana.sy\/tr\/?p=315964"},"modified":"2025-02-24T18:08:17","modified_gmt":"2025-02-24T15:08:17","slug":"egitim-bakanligi-ve-unesco-ortak-is-birligini-artirmanin-yollarini-gorustu","status":"publish","type":"post","link":"https:\/\/archive.sana.sy\/tr\/?p=315964","title":{"rendered":"E\u011fitim Bakanl\u0131\u011f\u0131 Ve UNESCO Ortak \u0130\u015f Birli\u011fini Art\u0131rman\u0131n Yollar\u0131n\u0131 G\u00f6r\u00fc\u015ft\u00fc"},"content":{"rendered":"<p style=\"text-align: justify;\"><strong><span style=\"color: #800000;\">\u015eAM (SANA)<\/span> &#8211;<\/strong> \u00a0E\u011fitim Bakanl\u0131\u011f\u0131 Planlama ve Uluslararas\u0131 \u0130\u015fbirli\u011fi M\u00fcd\u00fcr\u00fc Yusuf Annan, Birle\u015fmi\u015f Milletler E\u011fitim, Bilim ve K\u00fclt\u00fcr \u00d6rg\u00fct\u00fc (UNESCO) temsilcileriyle Suriye&#8217;de e\u011fitim s\u00fcrecini ilerletmek i\u00e7in ortak i\u015fbirli\u011fini art\u0131rma yollar\u0131n\u0131 g\u00f6r\u00fc\u015ft\u00fc.<\/p>\n<p style=\"text-align: justify;\"><img loading=\"lazy\" decoding=\"async\" class=\"size-full wp-image-315966 alignright\" src=\"http:\/\/sana.sy\/tr\/wp-content\/uploads\/2025\/02\/photo_2025-02-23_17-25-08-300x168-1.jpg\" alt=\"\" width=\"300\" height=\"168\" \/>Annan, bug\u00fcn bakanl\u0131k binas\u0131nda yap\u0131lan toplant\u0131da, E\u011fitim Bakanl\u0131\u011f\u0131&#8217;n\u0131n ihtiya\u00e7lar\u0131n\u0131n, e\u011fitim kadrolar\u0131n\u0131n sa\u011flanmas\u0131, niteliklendirilmesi ve e\u011fitilmesi ile baz\u0131 valilik ve b\u00f6lgelerdeki a\u00e7\u0131\u011f\u0131n giderilmesi gibi \u00e7e\u015fitli eksenlerde ele al\u0131nd\u0131\u011f\u0131n\u0131 belirtti.<\/p>\n<p style=\"text-align: justify;\">Annan ayr\u0131ca, bakanl\u0131\u011fa ba\u011fl\u0131 okul ve enstit\u00fclerdeki \u00f6\u011frenci say\u0131s\u0131n\u0131n yakla\u015f\u0131k 4 milyon erkek ve k\u0131z \u00f6\u011frenci oldu\u011funu, onlara kitap, kendilerine uygun kamusal alanlar ve psikolojik destek programlar\u0131n\u0131n sa\u011flanmas\u0131 gerekti\u011fini anlatt\u0131.<\/p>\n<p style=\"text-align: justify;\">UNESCO Beyrut B\u00f6lge Ofisi E\u011fitim Program\u0131 Sorumlusu Maysun \u015eihab ise kurulu\u015fun, e\u011fitim s\u00fcrecini t\u00fcm alanlarda en iyi \u015fekilde ilerletme stratejisini uygulamak i\u00e7in bakanl\u0131kla tam i\u015fbirli\u011fi yapmaya haz\u0131r oldu\u011funu teyit etti.<\/p>\n","protected":false},"excerpt":{"rendered":"<p>\u015eAM (SANA) &#8211; \u00a0E\u011fitim Bakanl\u0131\u011f\u0131 Planlama ve Uluslararas\u0131 \u0130\u015fbirli\u011fi M\u00fcd\u00fcr\u00fc Yusuf Annan, Birle\u015fmi\u015f Milletler E\u011fitim, Bilim ve K\u00fclt\u00fcr \u00d6rg\u00fct\u00fc (UNESCO) temsilcileriyle Suriye&#8217;de e\u011fitim s\u00fcrecini ilerletmek i\u00e7in ortak i\u015fbirli\u011fini art\u0131rma yollar\u0131n\u0131 g\u00f6r\u00fc\u015ft\u00fc. Annan, bug\u00fcn bakanl\u0131k binas\u0131nda yap\u0131lan toplant\u0131da, E\u011fitim Bakanl\u0131\u011f\u0131&#8217;n\u0131n ihtiya\u00e7lar\u0131n\u0131n, e\u011fitim kadrolar\u0131n\u0131n sa\u011flanmas\u0131, niteliklendirilmesi ve e\u011fitilmesi ile baz\u0131 valilik ve b\u00f6lgelerdeki a\u00e7\u0131\u011f\u0131n giderilmesi gibi \u00e7e\u015fitli &hellip;<\/p>\n","protected":false},"author":41,"featured_media":315965,"comment_status":"closed","ping_status":"closed","sticky":false,"template":"","format":"standard","meta":{"footnotes":""},"categories":[589,479,17988,478],"tags":[43433],"class_list":["post-315964","post","type-post","status-publish","format-standard","has-post-thumbnail","","category-haber-seridi","category-haberler-yerel","category-son-haberler","category-yerel","tag-egitim-bakanligi-ve-unesco-ortak-is-birligini-artirmanin-yollarini-gorustu"],"_links":{"self":[{"href":"https:\/\/archive.sana.sy\/tr\/index.php?rest_route=\/wp\/v2\/posts\/315964","targetHints":{"allow":["GET"]}}],"collection":[{"href":"https:\/\/archive.sana.sy\/tr\/index.php?rest_route=\/wp\/v2\/posts"}],"about":[{"href":"https:\/\/archive.sana.sy\/tr\/index.php?rest_route=\/wp\/v2\/types\/post"}],"author":[{"embeddable":true,"href":"https:\/\/archive.sana.sy\/tr\/index.php?rest_route=\/wp\/v2\/users\/41"}],"replies":[{"embeddable":true,"href":"https:\/\/archive.sana.sy\/tr\/index.php?rest_route=%2Fwp%2Fv2%2Fcomments&post=315964"}],"version-history":[{"count":2,"href":"https:\/\/archive.sana.sy\/tr\/index.php?rest_route=\/wp\/v2\/posts\/315964\/revisions"}],"predecessor-version":[{"id":315968,"href":"https:\/\/archive.sana.sy\/tr\/index.php?rest_route=\/wp\/v2\/posts\/315964\/revisions\/315968"}],"wp:featuredmedia":[{"embeddable":true,"href":"https:\/\/archive.sana.sy\/tr\/index.php?rest_route=\/wp\/v2\/media\/315965"}],"wp:attachment":[{"href":"https:\/\/archive.sana.sy\/tr\/index.php?rest_route=%2Fwp%2Fv2%2Fmedia&parent=315964"}],"wp:term":[{"taxonomy":"category","embeddable":true,"href":"https:\/\/archive.sana.sy\/tr\/index.php?rest_route=%2Fwp%2Fv2%2Fcategories&post=315964"},{"taxonomy":"post_tag","embeddable":true,"href":"https:\/\/archive.sana.sy\/tr\/index.php?rest_route=%2Fwp%2Fv2%2Ftags&post=315964"}],"curies":[{"name":"wp","href":"https:\/\/api.w.org\/{rel}","templated":true}]}}