{"id":315971,"date":"2025-02-24T08:34:47","date_gmt":"2025-02-24T05:34:47","guid":{"rendered":"https:\/\/sana.sy\/tr\/?p=315971"},"modified":"2025-02-25T11:32:54","modified_gmt":"2025-02-25T08:32:54","slug":"cumhurbaskani-el-sara-arap-birligi-konseyinin-acil-toplantisina-katilmak-uzere-cumhurbaskani-el-sisiden-resmi-davet-aldi","status":"publish","type":"post","link":"https:\/\/archive.sana.sy\/tr\/?p=315971","title":{"rendered":"Cumhurba\u015fkan\u0131 El \u015eara, Arap Birli\u011fi Konseyi&#8217;nin Acil Toplant\u0131s\u0131na Kat\u0131lmak \u00dczere Cumhurba\u015fkan\u0131 El Sisi&#8217;den Resmi Davet Ald\u0131"},"content":{"rendered":"<p style=\"text-align: justify;\"><span style=\"color: #800000;\"><strong>\u015eAM (SANA)<\/strong> <\/span>&#8211; Suriye Arap Cumhuriyeti Cumhurba\u015fkan\u0131 Say\u0131n Ahmed El \u015eara, karde\u015f Arap Cumhuriyeti M\u0131s\u0131r Cumhurba\u015fkan\u0131 Say\u0131n Abdulfettah El Sisi&#8217;den, 4 Mart 2025&#8217;te Kahire&#8217;de d\u00fczenlenecek Arap Birli\u011fi Konseyi&#8217;nin acil toplant\u0131s\u0131na kat\u0131lmak \u00fczere resmi davet ald\u0131.<\/p>\n","protected":false},"excerpt":{"rendered":"<p>\u015eAM (SANA) &#8211; Suriye Arap Cumhuriyeti Cumhurba\u015fkan\u0131 Say\u0131n Ahmed El \u015eara, karde\u015f Arap Cumhuriyeti M\u0131s\u0131r Cumhurba\u015fkan\u0131 Say\u0131n Abdulfettah El Sisi&#8217;den, 4 Mart 2025&#8217;te Kahire&#8217;de d\u00fczenlenecek Arap Birli\u011fi Konseyi&#8217;nin acil toplant\u0131s\u0131na kat\u0131lmak \u00fczere resmi davet ald\u0131.<\/p>\n","protected":false},"author":36,"featured_media":315972,"comment_status":"closed","ping_status":"closed","sticky":false,"template":"","format":"standard","meta":{"footnotes":""},"categories":[606,479,605,17988,478],"tags":[],"class_list":["post-315971","post","type-post","status-publish","format-standard","has-post-thumbnail","","category-cumhurbaskani","category-haberler-yerel","category-sayin-cumhurbaskani","category-son-haberler","category-yerel"],"_links":{"self":[{"href":"https:\/\/archive.sana.sy\/tr\/index.php?rest_route=\/wp\/v2\/posts\/315971","targetHints":{"allow":["GET"]}}],"collection":[{"href":"https:\/\/archive.sana.sy\/tr\/index.php?rest_route=\/wp\/v2\/posts"}],"about":[{"href":"https:\/\/archive.sana.sy\/tr\/index.php?rest_route=\/wp\/v2\/types\/post"}],"author":[{"embeddable":true,"href":"https:\/\/archive.sana.sy\/tr\/index.php?rest_route=\/wp\/v2\/users\/36"}],"replies":[{"embeddable":true,"href":"https:\/\/archive.sana.sy\/tr\/index.php?rest_route=%2Fwp%2Fv2%2Fcomments&post=315971"}],"version-history":[{"count":3,"href":"https:\/\/archive.sana.sy\/tr\/index.php?rest_route=\/wp\/v2\/posts\/315971\/revisions"}],"predecessor-version":[{"id":315995,"href":"https:\/\/archive.sana.sy\/tr\/index.php?rest_route=\/wp\/v2\/posts\/315971\/revisions\/315995"}],"wp:featuredmedia":[{"embeddable":true,"href":"https:\/\/archive.sana.sy\/tr\/index.php?rest_route=\/wp\/v2\/media\/315972"}],"wp:attachment":[{"href":"https:\/\/archive.sana.sy\/tr\/index.php?rest_route=%2Fwp%2Fv2%2Fmedia&parent=315971"}],"wp:term":[{"taxonomy":"category","embeddable":true,"href":"https:\/\/archive.sana.sy\/tr\/index.php?rest_route=%2Fwp%2Fv2%2Fcategories&post=315971"},{"taxonomy":"post_tag","embeddable":true,"href":"https:\/\/archive.sana.sy\/tr\/index.php?rest_route=%2Fwp%2Fv2%2Ftags&post=315971"}],"curies":[{"name":"wp","href":"https:\/\/api.w.org\/{rel}","templated":true}]}}