{"id":316000,"date":"2025-02-24T08:05:52","date_gmt":"2025-02-24T05:05:52","guid":{"rendered":"https:\/\/sana.sy\/tr\/?p=316000"},"modified":"2025-02-24T18:42:08","modified_gmt":"2025-02-24T15:42:08","slug":"egitim-bakanligi-unesco-heyeti-ile-mufredat-gelistirmeyi-gorustu","status":"publish","type":"post","link":"https:\/\/archive.sana.sy\/tr\/?p=316000","title":{"rendered":"E\u011fitim Bakanl\u0131\u011f\u0131, UNESCO Heyeti \u0130le M\u00fcfredat Geli\u015ftirmeyi G\u00f6r\u00fc\u015ft\u00fc"},"content":{"rendered":"<p style=\"text-align: justify;\"><strong><span style=\"color: #800000;\">\u015eAM (SANA)<\/span> &#8211; \u00a0<\/strong>E\u011fitim Bakanl\u0131\u011f\u0131 Ulusal M\u00fcfredat Geli\u015ftirme Merkezi M\u00fcd\u00fcr\u00fc H\u00fcseyin El Kas\u0131m, Birle\u015fmi\u015f Milletler E\u011fitim, Bilim ve K\u00fclt\u00fcr \u00d6rg\u00fct\u00fc (UNESCO) heyetiyle bug\u00fcn, iki taraf aras\u0131ndaki i\u015fbirli\u011finin geli\u015ftirilmesinin yollar\u0131n\u0131 ve okullarda e\u011fitim y\u00f6nlerini destekleyen gelecekteki projeleri g\u00f6r\u00fc\u015ft\u00fc.<\/p>\n<p style=\"text-align: justify;\">Merkezin \u015eam&#8217;daki binas\u0131nda ger\u00e7ekle\u015fen g\u00f6r\u00fc\u015fmede El Kas\u0131m, merkeze dan\u0131\u015fmanl\u0131k deste\u011fi sa\u011flayacak uzmanlar\u0131n varl\u0131\u011f\u0131na a\u011f\u0131rl\u0131k verilmesinin ve merkez \u00e7al\u0131\u015fanlar\u0131n\u0131n becerilerinin geli\u015ftirilmesi i\u00e7in at\u00f6lye \u00e7al\u0131\u015fmalar\u0131 ve e\u011fitim kurslar\u0131 d\u00fczenlenmesinin \u00f6nemine dikkat \u00e7ekti.<\/p>\n<p style=\"text-align: justify;\">El Kas\u0131m ayr\u0131ca merkezin m\u00fcfredat geli\u015ftirme \u00fczerinde \u00e7al\u0131\u015ft\u0131\u011f\u0131n\u0131 ve \u015fu anda e\u011fitim kayb\u0131 ya\u015fayanlar i\u00e7in g\u00fc\u00e7lendirme e\u011fitimi m\u00fcfredat\u0131na ba\u015flad\u0131\u011f\u0131n\u0131 ve tamamland\u0131ktan sonra UNESCO ve mevcut uzmanl\u0131kla i\u015f birli\u011fi yaparak do\u011frudan ye\u015fil e\u011fitim projesini tamamlama \u00e7al\u0131\u015fmalar\u0131na ge\u00e7ece\u011fini belirtti.<\/p>\n<p style=\"text-align: justify;\">El Kas\u0131m, m\u00fcfredat\u0131n a\u015famal\u0131 olarak geli\u015ftirilmesine y\u00f6nelik uzun vadeli bir plan oldu\u011funu, mevcut akademik y\u0131l\u0131n sonundan itibaren ba\u015flanmas\u0131 gerekti\u011fini, ard\u0131ndan bakanl\u0131\u011f\u0131n plan\u0131 ve \u00f6ncelikleri do\u011frultusunda belirli standartlar\u0131n belirlenece\u011fini de a\u00e7\u0131klad\u0131.<\/p>\n<p style=\"text-align: justify;\">Heyet \u00fcyeleri, merkezin uzmanlar\u0131na e\u011fitim verilmesi ve yeteneklerinin art\u0131r\u0131lmas\u0131 amac\u0131yla aktif \u00f6\u011frenmeyi destekleme, gen\u00e7leri g\u00fc\u00e7lendirme ve Bakanl\u0131kla ortakl\u0131\u011f\u0131 g\u00fc\u00e7lendirme konular\u0131na odaklanman\u0131n \u00f6nemini vurgulad\u0131.<\/p>\n<div id='gallery-1' class='gallery galleryid-316000 gallery-columns-1 gallery-size-full'><figure class='gallery-item'>\n\t\t\t<div class='gallery-icon landscape'>\n\t\t\t\t<a href='https:\/\/archive.sana.sy\/tr\/?attachment_id=316001'><img loading=\"lazy\" decoding=\"async\" width=\"660\" height=\"370\" src=\"https:\/\/archive.sana.sy\/tr\/wp-content\/uploads\/2025\/02\/photo_2025-02-24_15-52-22-1.jpg\" class=\"attachment-full size-full\" alt=\"\" srcset=\"https:\/\/archive.sana.sy\/tr\/wp-content\/uploads\/2025\/02\/photo_2025-02-24_15-52-22-1.jpg 660w, https:\/\/archive.sana.sy\/tr\/wp-content\/uploads\/2025\/02\/photo_2025-02-24_15-52-22-1-300x168.jpg 300w\" sizes=\"auto, (max-width: 660px) 100vw, 660px\" \/><\/a>\n\t\t\t<\/div><\/figure>\n\t\t<\/div>\n\n","protected":false},"excerpt":{"rendered":"<p>\u015eAM (SANA) &#8211; \u00a0E\u011fitim Bakanl\u0131\u011f\u0131 Ulusal M\u00fcfredat Geli\u015ftirme Merkezi M\u00fcd\u00fcr\u00fc H\u00fcseyin El Kas\u0131m, Birle\u015fmi\u015f Milletler E\u011fitim, Bilim ve K\u00fclt\u00fcr \u00d6rg\u00fct\u00fc (UNESCO) heyetiyle bug\u00fcn, iki taraf aras\u0131ndaki i\u015fbirli\u011finin geli\u015ftirilmesinin yollar\u0131n\u0131 ve okullarda e\u011fitim y\u00f6nlerini destekleyen gelecekteki projeleri g\u00f6r\u00fc\u015ft\u00fc. Merkezin \u015eam&#8217;daki binas\u0131nda ger\u00e7ekle\u015fen g\u00f6r\u00fc\u015fmede El Kas\u0131m, merkeze dan\u0131\u015fmanl\u0131k deste\u011fi sa\u011flayacak uzmanlar\u0131n varl\u0131\u011f\u0131na a\u011f\u0131rl\u0131k verilmesinin ve merkez \u00e7al\u0131\u015fanlar\u0131n\u0131n &hellip;<\/p>\n","protected":false},"author":41,"featured_media":316002,"comment_status":"closed","ping_status":"closed","sticky":false,"template":"","format":"standard","meta":{"footnotes":""},"categories":[589,479,478],"tags":[],"class_list":["post-316000","post","type-post","status-publish","format-standard","has-post-thumbnail","","category-haber-seridi","category-haberler-yerel","category-yerel"],"_links":{"self":[{"href":"https:\/\/archive.sana.sy\/tr\/index.php?rest_route=\/wp\/v2\/posts\/316000","targetHints":{"allow":["GET"]}}],"collection":[{"href":"https:\/\/archive.sana.sy\/tr\/index.php?rest_route=\/wp\/v2\/posts"}],"about":[{"href":"https:\/\/archive.sana.sy\/tr\/index.php?rest_route=\/wp\/v2\/types\/post"}],"author":[{"embeddable":true,"href":"https:\/\/archive.sana.sy\/tr\/index.php?rest_route=\/wp\/v2\/users\/41"}],"replies":[{"embeddable":true,"href":"https:\/\/archive.sana.sy\/tr\/index.php?rest_route=%2Fwp%2Fv2%2Fcomments&post=316000"}],"version-history":[{"count":1,"href":"https:\/\/archive.sana.sy\/tr\/index.php?rest_route=\/wp\/v2\/posts\/316000\/revisions"}],"predecessor-version":[{"id":316003,"href":"https:\/\/archive.sana.sy\/tr\/index.php?rest_route=\/wp\/v2\/posts\/316000\/revisions\/316003"}],"wp:featuredmedia":[{"embeddable":true,"href":"https:\/\/archive.sana.sy\/tr\/index.php?rest_route=\/wp\/v2\/media\/316002"}],"wp:attachment":[{"href":"https:\/\/archive.sana.sy\/tr\/index.php?rest_route=%2Fwp%2Fv2%2Fmedia&parent=316000"}],"wp:term":[{"taxonomy":"category","embeddable":true,"href":"https:\/\/archive.sana.sy\/tr\/index.php?rest_route=%2Fwp%2Fv2%2Fcategories&post=316000"},{"taxonomy":"post_tag","embeddable":true,"href":"https:\/\/archive.sana.sy\/tr\/index.php?rest_route=%2Fwp%2Fv2%2Ftags&post=316000"}],"curies":[{"name":"wp","href":"https:\/\/api.w.org\/{rel}","templated":true}]}}