{"id":316009,"date":"2025-02-24T06:40:33","date_gmt":"2025-02-24T03:40:33","guid":{"rendered":"https:\/\/sana.sy\/tr\/?p=316009"},"modified":"2025-02-24T18:42:31","modified_gmt":"2025-02-24T15:42:31","slug":"egitim-bakanligi-turkiye-multeci-orgutunden-bir-heyetle-multecilerin-geri-donusunun-gercekligini-gorustu","status":"publish","type":"post","link":"https:\/\/archive.sana.sy\/tr\/?p=316009","title":{"rendered":"E\u011fitim Bakanl\u0131\u011f\u0131, T\u00fcrkiye M\u00fclteci \u00d6rg\u00fct\u00fc&#8217;nden Bir Heyetle M\u00fcltecilerin Geri D\u00f6n\u00fc\u015f\u00fcn\u00fcn Ger\u00e7ekli\u011fini G\u00f6r\u00fc\u015ft\u00fc"},"content":{"rendered":"<p style=\"text-align: justify;\"><span style=\"color: #800000;\"><strong>\u015eAM (SANA)<\/strong> <\/span>&#8211;\u00a0 E\u011fitim Bakanl\u0131\u011f\u0131 Planlama ve Uluslararas\u0131 \u0130\u015fbirli\u011fi M\u00fcd\u00fcr\u00fc Yusuf Annan, bug\u00fcn T\u00fcrkiye M\u00fclteci \u00d6rg\u00fct\u00fc heyetiyle, eski rejimin y\u0131k\u0131lmas\u0131n\u0131n ard\u0131ndan m\u00fcltecilerin Suriye&#8217;ye d\u00f6n\u00fc\u015f yollar\u0131 ve d\u00f6n\u00fc\u015flerine yard\u0131mc\u0131 olacak tesisleri g\u00f6r\u00fc\u015ft\u00fc.<\/p>\n<p style=\"text-align: justify;\">\u015eam&#8217;daki Bakanl\u0131k binas\u0131nda ger\u00e7ekle\u015fen g\u00f6r\u00fc\u015fmede, Suriyeli s\u0131\u011f\u0131nmac\u0131lar\u0131n \u00fclkelerine d\u00f6n\u00fc\u015fleri i\u00e7in gereklilikler, geri d\u00f6nen \u00f6\u011frencilere yer sa\u011flamak amac\u0131yla okullar\u0131n yenilenmesi ve rehabilitasyonu ile \u00f6\u011fretmenlere \u00f6\u011fretim y\u00f6ntemleri konusunda e\u011fitim verilmesi alan\u0131nda i\u015f birli\u011fi yap\u0131lmas\u0131 konular\u0131 ele al\u0131nd\u0131.<\/p>\n<p style=\"text-align: justify;\">T\u00fcrk heyetinde Sultanbeyli Belediyesi Stratejik Yayg\u0131nla\u015ft\u0131rma Ofisi Ba\u015fkan\u0131 Halil \u0130brahim Ak\u0131nc\u0131 ve \u00e7ok say\u0131da kurum yetkilisi de yer ald\u0131.<\/p>\n","protected":false},"excerpt":{"rendered":"<p>\u015eAM (SANA) &#8211;\u00a0 E\u011fitim Bakanl\u0131\u011f\u0131 Planlama ve Uluslararas\u0131 \u0130\u015fbirli\u011fi M\u00fcd\u00fcr\u00fc Yusuf Annan, bug\u00fcn T\u00fcrkiye M\u00fclteci \u00d6rg\u00fct\u00fc heyetiyle, eski rejimin y\u0131k\u0131lmas\u0131n\u0131n ard\u0131ndan m\u00fcltecilerin Suriye&#8217;ye d\u00f6n\u00fc\u015f yollar\u0131 ve d\u00f6n\u00fc\u015flerine yard\u0131mc\u0131 olacak tesisleri g\u00f6r\u00fc\u015ft\u00fc. \u015eam&#8217;daki Bakanl\u0131k binas\u0131nda ger\u00e7ekle\u015fen g\u00f6r\u00fc\u015fmede, Suriyeli s\u0131\u011f\u0131nmac\u0131lar\u0131n \u00fclkelerine d\u00f6n\u00fc\u015fleri i\u00e7in gereklilikler, geri d\u00f6nen \u00f6\u011frencilere yer sa\u011flamak amac\u0131yla okullar\u0131n yenilenmesi ve rehabilitasyonu ile \u00f6\u011fretmenlere \u00f6\u011fretim &hellip;<\/p>\n","protected":false},"author":41,"featured_media":316010,"comment_status":"closed","ping_status":"closed","sticky":false,"template":"","format":"standard","meta":{"footnotes":""},"categories":[458,589,459,17988],"tags":[18407,43436],"class_list":["post-316009","post","type-post","status-publish","format-standard","has-post-thumbnail","","category-dunya1","category-haber-seridi","category-haberler-arap-uluslararasi-politika","category-son-haberler","tag-egitim-bakanligi","tag-turkiye-multeci-orgutunden-bir-heyetle-multecilerin-geri-donusunun-gercekligini-gorustu"],"_links":{"self":[{"href":"https:\/\/archive.sana.sy\/tr\/index.php?rest_route=\/wp\/v2\/posts\/316009","targetHints":{"allow":["GET"]}}],"collection":[{"href":"https:\/\/archive.sana.sy\/tr\/index.php?rest_route=\/wp\/v2\/posts"}],"about":[{"href":"https:\/\/archive.sana.sy\/tr\/index.php?rest_route=\/wp\/v2\/types\/post"}],"author":[{"embeddable":true,"href":"https:\/\/archive.sana.sy\/tr\/index.php?rest_route=\/wp\/v2\/users\/41"}],"replies":[{"embeddable":true,"href":"https:\/\/archive.sana.sy\/tr\/index.php?rest_route=%2Fwp%2Fv2%2Fcomments&post=316009"}],"version-history":[{"count":1,"href":"https:\/\/archive.sana.sy\/tr\/index.php?rest_route=\/wp\/v2\/posts\/316009\/revisions"}],"predecessor-version":[{"id":316011,"href":"https:\/\/archive.sana.sy\/tr\/index.php?rest_route=\/wp\/v2\/posts\/316009\/revisions\/316011"}],"wp:featuredmedia":[{"embeddable":true,"href":"https:\/\/archive.sana.sy\/tr\/index.php?rest_route=\/wp\/v2\/media\/316010"}],"wp:attachment":[{"href":"https:\/\/archive.sana.sy\/tr\/index.php?rest_route=%2Fwp%2Fv2%2Fmedia&parent=316009"}],"wp:term":[{"taxonomy":"category","embeddable":true,"href":"https:\/\/archive.sana.sy\/tr\/index.php?rest_route=%2Fwp%2Fv2%2Fcategories&post=316009"},{"taxonomy":"post_tag","embeddable":true,"href":"https:\/\/archive.sana.sy\/tr\/index.php?rest_route=%2Fwp%2Fv2%2Ftags&post=316009"}],"curies":[{"name":"wp","href":"https:\/\/api.w.org\/{rel}","templated":true}]}}