{"id":316065,"date":"2025-02-25T16:21:36","date_gmt":"2025-02-25T13:21:36","guid":{"rendered":"https:\/\/sana.sy\/tr\/?p=316065"},"modified":"2025-02-25T16:22:50","modified_gmt":"2025-02-25T13:22:50","slug":"sivil-savunma-sam-kirsalindaki-sbeyneh-beldesinde-20den-fazla-ceset-buldu","status":"publish","type":"post","link":"https:\/\/archive.sana.sy\/tr\/?p=316065","title":{"rendered":"Sivil Savunma, \u015eam K\u0131rsal\u0131ndaki Sbeyneh Beldesinde 20&#8217;den Fazla Ceset Buldu"},"content":{"rendered":"<p style=\"text-align: justify;\"><span style=\"color: #800000;\"><strong>\u015eAM KIRSALI (SANA)<\/strong> <\/span>&#8211;\u00a0 Suriye Sivil Savunma ekipleri, \u015eam k\u0131rsal\u0131ndaki Sabina kasabas\u0131nda bir konutun bodrumundan 20&#8217;den fazla kimli\u011fi belirsiz cesedin kal\u0131nt\u0131lar\u0131n\u0131 \u00e7\u0131kard\u0131. \u200f<\/p>\n<p style=\"text-align: justify;\"><img loading=\"lazy\" decoding=\"async\" class=\"size-full wp-image-316067 alignright\" src=\"http:\/\/sana.sy\/tr\/wp-content\/uploads\/2025\/02\/photo_1_2025-02-25_15-59-31-300x200-1.jpg\" alt=\"\" width=\"300\" height=\"200\" \/>Sivil Savunma Kurulu \u00dcyesi Ammar El Salmo, SANA muhabirine \u015funlar\u0131 s\u00f6yledi: \u2018\u2019 El Sbeyneh beldesine ba\u011fl\u0131 El-Cem&#8217;iyyat b\u00f6lgesindeki bir konut binas\u0131n\u0131n bodrumunda insan kemi\u011fi kal\u0131nt\u0131lar\u0131n\u0131n bulundu\u011funa dair sivillerden ve aktivistlerden gelen ihbar \u00fczerine olay yerine giden arama ekipleri, tamam\u0131 a\u00e7\u0131\u011fa \u00e7\u0131km\u0131\u015f ve yok olma tehlikesi alt\u0131nda olan kal\u0131nt\u0131lar\u0131 buldu.\u2019\u2019<\/p>\n<p style=\"text-align: justify;\">El Salmo ayr\u0131ca, \u2018\u2019\u0130lk belirlemelere g\u00f6re, kal\u0131nt\u0131lar kimli\u011fi belirlenemeyen 20&#8217;den fazla ki\u015fiye ait. Kesin say\u0131y\u0131 belirlemek zor, \u00e7\u00fcnk\u00fc bunlar kas\u0131tl\u0131 olarak araba lastikleri kullan\u0131larak yak\u0131lm\u0131\u015f ve yanm\u0131\u015f kemiklerin sadece par\u00e7alar\u0131 kalm\u0131\u015f\u2019\u2019 ifadelerini kulland\u0131.<\/p>\n<p style=\"text-align: justify;\">El Salmo, kal\u0131nt\u0131lar\u0131n adli t\u0131p kurumuna (kimliklendirme merkezi) teslim edildi\u011fini ve kal\u0131nt\u0131lar\u0131n belgelenmesi, toplanmas\u0131 ve geri getirilmesine ili\u015fkin t\u00fcm \u00e7al\u0131\u015fmalar\u0131n protokollere uygun olarak y\u00fcr\u00fct\u00fcld\u00fc\u011f\u00fcn\u00fc da vurgulad\u0131.<\/p>\n","protected":false},"excerpt":{"rendered":"<p>\u015eAM KIRSALI (SANA) &#8211;\u00a0 Suriye Sivil Savunma ekipleri, \u015eam k\u0131rsal\u0131ndaki Sabina kasabas\u0131nda bir konutun bodrumundan 20&#8217;den fazla kimli\u011fi belirsiz cesedin kal\u0131nt\u0131lar\u0131n\u0131 \u00e7\u0131kard\u0131. \u200f Sivil Savunma Kurulu \u00dcyesi Ammar El Salmo, SANA muhabirine \u015funlar\u0131 s\u00f6yledi: \u2018\u2019 El Sbeyneh beldesine ba\u011fl\u0131 El-Cem&#8217;iyyat b\u00f6lgesindeki bir konut binas\u0131n\u0131n bodrumunda insan kemi\u011fi kal\u0131nt\u0131lar\u0131n\u0131n bulundu\u011funa dair sivillerden ve aktivistlerden gelen ihbar &hellip;<\/p>\n","protected":false},"author":41,"featured_media":316066,"comment_status":"closed","ping_status":"closed","sticky":false,"template":"","format":"standard","meta":{"footnotes":""},"categories":[589,575,17988],"tags":[],"class_list":["post-316065","post","type-post","status-publish","format-standard","has-post-thumbnail","","category-haber-seridi","category-olaylar-ve-gercekler","category-son-haberler"],"_links":{"self":[{"href":"https:\/\/archive.sana.sy\/tr\/index.php?rest_route=\/wp\/v2\/posts\/316065","targetHints":{"allow":["GET"]}}],"collection":[{"href":"https:\/\/archive.sana.sy\/tr\/index.php?rest_route=\/wp\/v2\/posts"}],"about":[{"href":"https:\/\/archive.sana.sy\/tr\/index.php?rest_route=\/wp\/v2\/types\/post"}],"author":[{"embeddable":true,"href":"https:\/\/archive.sana.sy\/tr\/index.php?rest_route=\/wp\/v2\/users\/41"}],"replies":[{"embeddable":true,"href":"https:\/\/archive.sana.sy\/tr\/index.php?rest_route=%2Fwp%2Fv2%2Fcomments&post=316065"}],"version-history":[{"count":2,"href":"https:\/\/archive.sana.sy\/tr\/index.php?rest_route=\/wp\/v2\/posts\/316065\/revisions"}],"predecessor-version":[{"id":316069,"href":"https:\/\/archive.sana.sy\/tr\/index.php?rest_route=\/wp\/v2\/posts\/316065\/revisions\/316069"}],"wp:featuredmedia":[{"embeddable":true,"href":"https:\/\/archive.sana.sy\/tr\/index.php?rest_route=\/wp\/v2\/media\/316066"}],"wp:attachment":[{"href":"https:\/\/archive.sana.sy\/tr\/index.php?rest_route=%2Fwp%2Fv2%2Fmedia&parent=316065"}],"wp:term":[{"taxonomy":"category","embeddable":true,"href":"https:\/\/archive.sana.sy\/tr\/index.php?rest_route=%2Fwp%2Fv2%2Fcategories&post=316065"},{"taxonomy":"post_tag","embeddable":true,"href":"https:\/\/archive.sana.sy\/tr\/index.php?rest_route=%2Fwp%2Fv2%2Ftags&post=316065"}],"curies":[{"name":"wp","href":"https:\/\/api.w.org\/{rel}","templated":true}]}}