{"id":316072,"date":"2025-02-25T18:45:48","date_gmt":"2025-02-25T15:45:48","guid":{"rendered":"https:\/\/sana.sy\/tr\/?p=316072"},"modified":"2025-02-25T18:45:48","modified_gmt":"2025-02-25T15:45:48","slug":"uluslararasi-sivil-havacilik-orgutunden-bir-heyet-suriyeyi-ziyaret-etti","status":"publish","type":"post","link":"https:\/\/archive.sana.sy\/tr\/?p=316072","title":{"rendered":"Uluslararas\u0131 Sivil Havac\u0131l\u0131k \u00d6rg\u00fct\u00fc&#8217;nden Bir Heyet Suriye&#8217;yi Ziyaret Etti"},"content":{"rendered":"<p style=\"text-align: justify;\"><span style=\"color: #800000;\"><strong>\u015eAM (SANA)<\/strong><\/span> &#8211;\u00a0 Uluslararas\u0131 Sivil Havac\u0131l\u0131k \u00d6rg\u00fct\u00fc&#8217;nden (ICAO) bir heyet, 2008&#8217;den bu yana Suriye&#8217;ye yapt\u0131\u011f\u0131 ilk ziyareti ger\u00e7ekle\u015ftirmek \u00fczere bug\u00fcn \u015eam Uluslararas\u0131 Havaliman\u0131&#8217;na geldi.<\/p>\n<p style=\"text-align: justify;\">\u00d6rg\u00fct\u00fcn Ortado\u011fu B\u00f6lge Direkt\u00f6r\u00fc M\u00fch. Muhammed Ebu Bekir Farea, SANA muhabirine yapt\u0131\u011f\u0131 a\u00e7\u0131klamada, \u00f6rg\u00fct\u00fcn bundan sonraki a\u015famada Suriye Sivil Havac\u0131l\u0131k Otoritesi ile i\u015fbirli\u011fi yapmay\u0131 ve havac\u0131l\u0131\u011f\u0131n\u0131 yeniden geli\u015ftirmeyi d\u00f6rt g\u00f6zle bekledi\u011fini do\u011frulayarak, uluslararas\u0131 kurulu\u015f ad\u0131na \u015eam&#8217;\u0131 ziyaret etmekten duydu\u011fu mutlulu\u011fu dile getirdi.<\/p>\n<p style=\"text-align: justify;\">Suriye Sivil Havac\u0131l\u0131k Otoritesi Ba\u015fkan\u0131 E\u015fhad El Salibi ise heyetin Suriye ziyaretinin tarihi \u00f6nemde oldu\u011funu belirterek, ziyaretin iki taraf aras\u0131ndaki i\u015f birli\u011finin geli\u015ftirilmesine y\u00f6nelik olaca\u011f\u0131n\u0131 s\u00f6ylerken, \u00fclkedeki havac\u0131l\u0131k sekt\u00f6r\u00fcn\u00fcn ICAO&#8217;nun uluslararas\u0131 standartlar\u0131na uygun olarak ve havac\u0131l\u0131k g\u00fcvenli\u011fi ve g\u00fcvenli\u011fi sa\u011flayacak bir \u015fekilde in\u015fa edildi\u011fine dikkat \u00e7ekti.<\/p>\n<p style=\"text-align: justify;\">Heyette, \u00f6rg\u00fct\u00fcn b\u00f6lge ofisinde Havac\u0131l\u0131k G\u00fcvenlik Sorumlusu H\u00fcseyin Kabbani ve Hava Trafik ve Operasyonel G\u00fcvenlik Sorumlusu Muhammed \u015eakib de yer al\u0131yor.<\/p>\n<div id='gallery-1' class='gallery galleryid-316072 gallery-columns-2 gallery-size-medium'><figure class='gallery-item'>\n\t\t\t<div class='gallery-icon landscape'>\n\t\t\t\t<a href='https:\/\/archive.sana.sy\/tr\/?attachment_id=316074'><img loading=\"lazy\" decoding=\"async\" width=\"300\" height=\"200\" src=\"https:\/\/archive.sana.sy\/tr\/wp-content\/uploads\/2025\/02\/photo_1_2025-02-25_18-15-18-copy-300x200.jpg\" class=\"attachment-medium size-medium\" alt=\"\" srcset=\"https:\/\/archive.sana.sy\/tr\/wp-content\/uploads\/2025\/02\/photo_1_2025-02-25_18-15-18-copy-300x200.jpg 300w, https:\/\/archive.sana.sy\/tr\/wp-content\/uploads\/2025\/02\/photo_1_2025-02-25_18-15-18-copy.jpg 660w\" sizes=\"auto, (max-width: 300px) 100vw, 300px\" \/><\/a>\n\t\t\t<\/div><\/figure><figure class='gallery-item'>\n\t\t\t<div class='gallery-icon landscape'>\n\t\t\t\t<a href='https:\/\/archive.sana.sy\/tr\/?attachment_id=316075'><img loading=\"lazy\" decoding=\"async\" width=\"300\" height=\"200\" src=\"https:\/\/archive.sana.sy\/tr\/wp-content\/uploads\/2025\/02\/photo_2_2025-02-25_18-15-18-copy-300x200.jpg\" class=\"attachment-medium size-medium\" alt=\"\" srcset=\"https:\/\/archive.sana.sy\/tr\/wp-content\/uploads\/2025\/02\/photo_2_2025-02-25_18-15-18-copy-300x200.jpg 300w, https:\/\/archive.sana.sy\/tr\/wp-content\/uploads\/2025\/02\/photo_2_2025-02-25_18-15-18-copy.jpg 660w\" sizes=\"auto, (max-width: 300px) 100vw, 300px\" \/><\/a>\n\t\t\t<\/div><\/figure>\n\t\t<\/div>\n\n","protected":false},"excerpt":{"rendered":"<p>\u015eAM (SANA) &#8211;\u00a0 Uluslararas\u0131 Sivil Havac\u0131l\u0131k \u00d6rg\u00fct\u00fc&#8217;nden (ICAO) bir heyet, 2008&#8217;den bu yana Suriye&#8217;ye yapt\u0131\u011f\u0131 ilk ziyareti ger\u00e7ekle\u015ftirmek \u00fczere bug\u00fcn \u015eam Uluslararas\u0131 Havaliman\u0131&#8217;na geldi. \u00d6rg\u00fct\u00fcn Ortado\u011fu B\u00f6lge Direkt\u00f6r\u00fc M\u00fch. Muhammed Ebu Bekir Farea, SANA muhabirine yapt\u0131\u011f\u0131 a\u00e7\u0131klamada, \u00f6rg\u00fct\u00fcn bundan sonraki a\u015famada Suriye Sivil Havac\u0131l\u0131k Otoritesi ile i\u015fbirli\u011fi yapmay\u0131 ve havac\u0131l\u0131\u011f\u0131n\u0131 yeniden geli\u015ftirmeyi d\u00f6rt g\u00f6zle bekledi\u011fini &hellip;<\/p>\n","protected":false},"author":41,"featured_media":316073,"comment_status":"closed","ping_status":"closed","sticky":false,"template":"","format":"standard","meta":{"footnotes":""},"categories":[458,589,459,17988],"tags":[43440],"class_list":["post-316072","post","type-post","status-publish","format-standard","has-post-thumbnail","","category-dunya1","category-haber-seridi","category-haberler-arap-uluslararasi-politika","category-son-haberler","tag-uluslararasi-sivil-havacilik-orgutunden-bir-heyet-suriyeyi-ziyaret-etti"],"_links":{"self":[{"href":"https:\/\/archive.sana.sy\/tr\/index.php?rest_route=\/wp\/v2\/posts\/316072","targetHints":{"allow":["GET"]}}],"collection":[{"href":"https:\/\/archive.sana.sy\/tr\/index.php?rest_route=\/wp\/v2\/posts"}],"about":[{"href":"https:\/\/archive.sana.sy\/tr\/index.php?rest_route=\/wp\/v2\/types\/post"}],"author":[{"embeddable":true,"href":"https:\/\/archive.sana.sy\/tr\/index.php?rest_route=\/wp\/v2\/users\/41"}],"replies":[{"embeddable":true,"href":"https:\/\/archive.sana.sy\/tr\/index.php?rest_route=%2Fwp%2Fv2%2Fcomments&post=316072"}],"version-history":[{"count":1,"href":"https:\/\/archive.sana.sy\/tr\/index.php?rest_route=\/wp\/v2\/posts\/316072\/revisions"}],"predecessor-version":[{"id":316076,"href":"https:\/\/archive.sana.sy\/tr\/index.php?rest_route=\/wp\/v2\/posts\/316072\/revisions\/316076"}],"wp:featuredmedia":[{"embeddable":true,"href":"https:\/\/archive.sana.sy\/tr\/index.php?rest_route=\/wp\/v2\/media\/316073"}],"wp:attachment":[{"href":"https:\/\/archive.sana.sy\/tr\/index.php?rest_route=%2Fwp%2Fv2%2Fmedia&parent=316072"}],"wp:term":[{"taxonomy":"category","embeddable":true,"href":"https:\/\/archive.sana.sy\/tr\/index.php?rest_route=%2Fwp%2Fv2%2Fcategories&post=316072"},{"taxonomy":"post_tag","embeddable":true,"href":"https:\/\/archive.sana.sy\/tr\/index.php?rest_route=%2Fwp%2Fv2%2Ftags&post=316072"}],"curies":[{"name":"wp","href":"https:\/\/api.w.org\/{rel}","templated":true}]}}