{"id":316098,"date":"2025-02-26T11:40:57","date_gmt":"2025-02-26T08:40:57","guid":{"rendered":"https:\/\/sana.sy\/tr\/?p=316098"},"modified":"2025-02-26T11:40:57","modified_gmt":"2025-02-26T08:40:57","slug":"petrol-bakani-suriyede-enerji-sektorune-yonelik-yaptirimlarin-kaldirilmasi-ulusal-ekonominin-yeniden-insasi-icin-olumlu-bir-adimdir","status":"publish","type":"post","link":"https:\/\/archive.sana.sy\/tr\/?p=316098","title":{"rendered":"Petrol Bakan\u0131: Suriye&#8217;de Enerji Sekt\u00f6r\u00fcne Y\u00f6nelik Yapt\u0131r\u0131mlar\u0131n Kald\u0131r\u0131lmas\u0131 Ulusal Ekonominin Yeniden \u0130n\u015fas\u0131 \u0130\u00e7in Olumlu Bir Ad\u0131md\u0131r"},"content":{"rendered":"<p style=\"text-align: justify;\"><strong>\u015eAM (SANA) \u2013 <\/strong>Petrol ve Maden Kaynaklar\u0131 Bakan\u0131 Giyas Diyab, Avrupa Birli\u011fi&#8217;nin Suriye&#8217;de devrik rejimin devrilmesinin ard\u0131ndan ya\u015fanan tarihi geli\u015fmeler \u0131\u015f\u0131\u011f\u0131nda, Suriye&#8217;deki enerji sekt\u00f6r\u00fcne y\u00f6nelik yapt\u0131r\u0131mlar\u0131 kald\u0131rma karar\u0131n\u0131 memnuniyetle kar\u015f\u0131lad\u0131.<\/p>\n<p style=\"text-align: justify;\">Petrol ve Maden Kaynaklar\u0131 Bakan\u0131 Giyas Diyab, SANA&#8217;ya yapt\u0131\u011f\u0131 a\u00e7\u0131klamada, Avrupa Birli\u011fi&#8217;nin yapt\u0131r\u0131mlar\u0131 kald\u0131rma karar\u0131n\u0131n, enerji sekt\u00f6r\u00fcn\u00fcn Suriye&#8217;nin yeniden in\u015fas\u0131na katk\u0131da bulunabilecek temel direklerden biri olmas\u0131 nedeniyle, Suriye&#8217;de ulusal ekonominin yeniden in\u015fas\u0131 ve istikrar\u0131n art\u0131r\u0131lmas\u0131 y\u00f6n\u00fcnde olumlu bir ad\u0131m\u0131 temsil etti\u011fini belirtti.<\/p>\n<p style=\"text-align: justify;\">Diyab ayr\u0131ca, daha \u00f6nce petrol alan\u0131nda \u00e7al\u0131\u015fan \u015firketlere Suriye&#8217;ye d\u00f6nmeleri ve petrol ve gaz sekt\u00f6r\u00fcn\u00fcn geli\u015fmesinde ve ilerlemesinde \u00f6nemli rol oynayacak bu hayati sekt\u00f6r\u00fcn uzmanl\u0131klar\u0131 ve yat\u0131r\u0131mlar\u0131yla geli\u015fmesine katk\u0131da bulunmalar\u0131 \u00e7a\u011fr\u0131s\u0131nda bulundu.<\/p>\n<p style=\"text-align: justify;\">Petrol Bakan\u0131 \u015funlar\u0131 ekledi: &#8220;biz Suriye&#8217;nin, zengin kaynaklar\u0131 ve halk\u0131n\u0131n iradesiyle, mevcut t\u00fcm engellerin ve zorluklar\u0131n \u00fcstesinden gelerek, enerji alan\u0131ndaki konumunu yeniden kazanaca\u011f\u0131na inanc\u0131m\u0131z tamd\u0131r&#8221;.<\/p>\n","protected":false},"excerpt":{"rendered":"<p>\u015eAM (SANA) \u2013 Petrol ve Maden Kaynaklar\u0131 Bakan\u0131 Giyas Diyab, Avrupa Birli\u011fi&#8217;nin Suriye&#8217;de devrik rejimin devrilmesinin ard\u0131ndan ya\u015fanan tarihi geli\u015fmeler \u0131\u015f\u0131\u011f\u0131nda, Suriye&#8217;deki enerji sekt\u00f6r\u00fcne y\u00f6nelik yapt\u0131r\u0131mlar\u0131 kald\u0131rma karar\u0131n\u0131 memnuniyetle kar\u015f\u0131lad\u0131. Petrol ve Maden Kaynaklar\u0131 Bakan\u0131 Giyas Diyab, SANA&#8217;ya yapt\u0131\u011f\u0131 a\u00e7\u0131klamada, Avrupa Birli\u011fi&#8217;nin yapt\u0131r\u0131mlar\u0131 kald\u0131rma karar\u0131n\u0131n, enerji sekt\u00f6r\u00fcn\u00fcn Suriye&#8217;nin yeniden in\u015fas\u0131na katk\u0131da bulunabilecek temel direklerden biri &hellip;<\/p>\n","protected":false},"author":39,"featured_media":316099,"comment_status":"closed","ping_status":"closed","sticky":false,"template":"","format":"standard","meta":{"footnotes":""},"categories":[589,479,17988,478],"tags":[],"class_list":["post-316098","post","type-post","status-publish","format-standard","has-post-thumbnail","","category-haber-seridi","category-haberler-yerel","category-son-haberler","category-yerel"],"_links":{"self":[{"href":"https:\/\/archive.sana.sy\/tr\/index.php?rest_route=\/wp\/v2\/posts\/316098","targetHints":{"allow":["GET"]}}],"collection":[{"href":"https:\/\/archive.sana.sy\/tr\/index.php?rest_route=\/wp\/v2\/posts"}],"about":[{"href":"https:\/\/archive.sana.sy\/tr\/index.php?rest_route=\/wp\/v2\/types\/post"}],"author":[{"embeddable":true,"href":"https:\/\/archive.sana.sy\/tr\/index.php?rest_route=\/wp\/v2\/users\/39"}],"replies":[{"embeddable":true,"href":"https:\/\/archive.sana.sy\/tr\/index.php?rest_route=%2Fwp%2Fv2%2Fcomments&post=316098"}],"version-history":[{"count":1,"href":"https:\/\/archive.sana.sy\/tr\/index.php?rest_route=\/wp\/v2\/posts\/316098\/revisions"}],"predecessor-version":[{"id":316100,"href":"https:\/\/archive.sana.sy\/tr\/index.php?rest_route=\/wp\/v2\/posts\/316098\/revisions\/316100"}],"wp:featuredmedia":[{"embeddable":true,"href":"https:\/\/archive.sana.sy\/tr\/index.php?rest_route=\/wp\/v2\/media\/316099"}],"wp:attachment":[{"href":"https:\/\/archive.sana.sy\/tr\/index.php?rest_route=%2Fwp%2Fv2%2Fmedia&parent=316098"}],"wp:term":[{"taxonomy":"category","embeddable":true,"href":"https:\/\/archive.sana.sy\/tr\/index.php?rest_route=%2Fwp%2Fv2%2Fcategories&post=316098"},{"taxonomy":"post_tag","embeddable":true,"href":"https:\/\/archive.sana.sy\/tr\/index.php?rest_route=%2Fwp%2Fv2%2Ftags&post=316098"}],"curies":[{"name":"wp","href":"https:\/\/api.w.org\/{rel}","templated":true}]}}