{"id":316101,"date":"2025-02-26T12:42:09","date_gmt":"2025-02-26T09:42:09","guid":{"rendered":"https:\/\/sana.sy\/tr\/?p=316101"},"modified":"2025-02-26T12:49:45","modified_gmt":"2025-02-26T09:49:45","slug":"suriye-arap-cumhuriyeti-cumhurbaskani-sayin-ahmed-el-sara-urdunun-baskenti-ammana-gelerek-urdun-hasimi-kralligi-krali-ii-abdullah-ile-gorusme-yapacak","status":"publish","type":"post","link":"https:\/\/archive.sana.sy\/tr\/?p=316101","title":{"rendered":"Suriye Arap Cumhuriyeti Cumhurba\u015fkan\u0131 Say\u0131n Ahmed El \u015eara, \u00dcrd\u00fcn&#8217;\u00fcn ba\u015fkenti Amman&#8217;a gelerek \u00dcrd\u00fcn Ha\u015fimi Krall\u0131\u011f\u0131 Kral\u0131 II. Abdullah ile g\u00f6r\u00fc\u015fme yapacak."},"content":{"rendered":"","protected":false},"excerpt":{"rendered":"","protected":false},"author":39,"featured_media":0,"comment_status":"closed","ping_status":"closed","sticky":false,"template":"","format":"standard","meta":{"footnotes":""},"categories":[1],"tags":[],"class_list":["post-316101","post","type-post","status-publish","format-standard","","category-news-not-sorted"],"_links":{"self":[{"href":"https:\/\/archive.sana.sy\/tr\/index.php?rest_route=\/wp\/v2\/posts\/316101","targetHints":{"allow":["GET"]}}],"collection":[{"href":"https:\/\/archive.sana.sy\/tr\/index.php?rest_route=\/wp\/v2\/posts"}],"about":[{"href":"https:\/\/archive.sana.sy\/tr\/index.php?rest_route=\/wp\/v2\/types\/post"}],"author":[{"embeddable":true,"href":"https:\/\/archive.sana.sy\/tr\/index.php?rest_route=\/wp\/v2\/users\/39"}],"replies":[{"embeddable":true,"href":"https:\/\/archive.sana.sy\/tr\/index.php?rest_route=%2Fwp%2Fv2%2Fcomments&post=316101"}],"version-history":[{"count":1,"href":"https:\/\/archive.sana.sy\/tr\/index.php?rest_route=\/wp\/v2\/posts\/316101\/revisions"}],"predecessor-version":[{"id":316102,"href":"https:\/\/archive.sana.sy\/tr\/index.php?rest_route=\/wp\/v2\/posts\/316101\/revisions\/316102"}],"wp:attachment":[{"href":"https:\/\/archive.sana.sy\/tr\/index.php?rest_route=%2Fwp%2Fv2%2Fmedia&parent=316101"}],"wp:term":[{"taxonomy":"category","embeddable":true,"href":"https:\/\/archive.sana.sy\/tr\/index.php?rest_route=%2Fwp%2Fv2%2Fcategories&post=316101"},{"taxonomy":"post_tag","embeddable":true,"href":"https:\/\/archive.sana.sy\/tr\/index.php?rest_route=%2Fwp%2Fv2%2Ftags&post=316101"}],"curies":[{"name":"wp","href":"https:\/\/api.w.org\/{rel}","templated":true}]}}