{"id":316103,"date":"2025-02-26T12:49:57","date_gmt":"2025-02-26T09:49:57","guid":{"rendered":"https:\/\/sana.sy\/tr\/?p=316103"},"modified":"2025-02-26T13:03:45","modified_gmt":"2025-02-26T10:03:45","slug":"urdun-krali-ii-abdullah-urdun-hasimi-kralligini-ziyareti-kapsaminda-marka-havalimanina-varan-suriye-arap-cumhuriyeti-cumhurbaskani-ahmed-el-sarayi-kabul-etti","status":"publish","type":"post","link":"https:\/\/archive.sana.sy\/tr\/?p=316103","title":{"rendered":"\u00dcrd\u00fcn Kral\u0131 II. Abdullah, \u00dcrd\u00fcn Ha\u015fimi Krall\u0131\u011f\u0131&#8217;n\u0131 ziyareti kapsam\u0131nda Marka Havaliman\u0131&#8217;na varan Suriye Arap Cumhuriyeti Cumhurba\u015fkan\u0131 Ahmed El \u015eara&#8217;y\u0131 kabul etti."},"content":{"rendered":"","protected":false},"excerpt":{"rendered":"","protected":false},"author":39,"featured_media":0,"comment_status":"closed","ping_status":"closed","sticky":false,"template":"","format":"standard","meta":{"footnotes":""},"categories":[1],"tags":[],"class_list":["post-316103","post","type-post","status-publish","format-standard","","category-news-not-sorted"],"_links":{"self":[{"href":"https:\/\/archive.sana.sy\/tr\/index.php?rest_route=\/wp\/v2\/posts\/316103","targetHints":{"allow":["GET"]}}],"collection":[{"href":"https:\/\/archive.sana.sy\/tr\/index.php?rest_route=\/wp\/v2\/posts"}],"about":[{"href":"https:\/\/archive.sana.sy\/tr\/index.php?rest_route=\/wp\/v2\/types\/post"}],"author":[{"embeddable":true,"href":"https:\/\/archive.sana.sy\/tr\/index.php?rest_route=\/wp\/v2\/users\/39"}],"replies":[{"embeddable":true,"href":"https:\/\/archive.sana.sy\/tr\/index.php?rest_route=%2Fwp%2Fv2%2Fcomments&post=316103"}],"version-history":[{"count":1,"href":"https:\/\/archive.sana.sy\/tr\/index.php?rest_route=\/wp\/v2\/posts\/316103\/revisions"}],"predecessor-version":[{"id":316104,"href":"https:\/\/archive.sana.sy\/tr\/index.php?rest_route=\/wp\/v2\/posts\/316103\/revisions\/316104"}],"wp:attachment":[{"href":"https:\/\/archive.sana.sy\/tr\/index.php?rest_route=%2Fwp%2Fv2%2Fmedia&parent=316103"}],"wp:term":[{"taxonomy":"category","embeddable":true,"href":"https:\/\/archive.sana.sy\/tr\/index.php?rest_route=%2Fwp%2Fv2%2Fcategories&post=316103"},{"taxonomy":"post_tag","embeddable":true,"href":"https:\/\/archive.sana.sy\/tr\/index.php?rest_route=%2Fwp%2Fv2%2Ftags&post=316103"}],"curies":[{"name":"wp","href":"https:\/\/api.w.org\/{rel}","templated":true}]}}