{"id":316329,"date":"2025-03-03T11:03:45","date_gmt":"2025-03-03T08:03:45","guid":{"rendered":"https:\/\/sana.sy\/tr\/?p=316329"},"modified":"2025-03-03T14:29:03","modified_gmt":"2025-03-03T11:29:03","slug":"lazkiye-kirsalinda-savastan-kalan-bir-mayinin-patlamasi-sonucu-3-sivil-sehit-dustu-2-sivil-de-yaralandi","status":"publish","type":"post","link":"https:\/\/archive.sana.sy\/tr\/?p=316329","title":{"rendered":"Lazkiye K\u0131rsal\u0131nda Sava\u015ftan Kalan Bir May\u0131n\u0131n Patlamas\u0131 Sonucu 3 Sivil \u015eehit D\u00fc\u015ft\u00fc, 2 Sivil De Yaraland\u0131"},"content":{"rendered":"<p style=\"text-align: justify;\"><strong><span style=\"color: #800000;\">LAZK\u0130YE (SANA)<\/span> &#8211; <\/strong>Lazkiye k\u0131rsal\u0131n\u0131n do\u011fusundaki El Kabina Da\u011flar\u0131 b\u00f6lgesinde sava\u015ftan kalma bir may\u0131n patlamas\u0131 sonucu 3 sivil \u015fehit d\u00fc\u015ft\u00fc, 2 sivil de yaraland\u0131.<\/p>\n<p style=\"text-align: justify;\">Suriye Sivil Savunma Telegram kanal\u0131nda yapt\u0131\u011f\u0131 a\u00e7\u0131klamada, ekiplerinin yaral\u0131lar\u0131 en yak\u0131n hastaneye kald\u0131rarak tedavi etti\u011fini, ma\u011fdurlar\u0131n cenazelerini \u00e7\u0131kararak ailelerine teslim etti\u011fini belirtti.<\/p>\n","protected":false},"excerpt":{"rendered":"<p>LAZK\u0130YE (SANA) &#8211; Lazkiye k\u0131rsal\u0131n\u0131n do\u011fusundaki El Kabina Da\u011flar\u0131 b\u00f6lgesinde sava\u015ftan kalma bir may\u0131n patlamas\u0131 sonucu 3 sivil \u015fehit d\u00fc\u015ft\u00fc, 2 sivil de yaraland\u0131. Suriye Sivil Savunma Telegram kanal\u0131nda yapt\u0131\u011f\u0131 a\u00e7\u0131klamada, ekiplerinin yaral\u0131lar\u0131 en yak\u0131n hastaneye kald\u0131rarak tedavi etti\u011fini, ma\u011fdurlar\u0131n cenazelerini \u00e7\u0131kararak ailelerine teslim etti\u011fini belirtti.<\/p>\n","protected":false},"author":36,"featured_media":316330,"comment_status":"closed","ping_status":"closed","sticky":false,"template":"","format":"standard","meta":{"footnotes":""},"categories":[589,479,575,17988,478],"tags":[],"class_list":["post-316329","post","type-post","status-publish","format-standard","has-post-thumbnail","","category-haber-seridi","category-haberler-yerel","category-olaylar-ve-gercekler","category-son-haberler","category-yerel"],"_links":{"self":[{"href":"https:\/\/archive.sana.sy\/tr\/index.php?rest_route=\/wp\/v2\/posts\/316329","targetHints":{"allow":["GET"]}}],"collection":[{"href":"https:\/\/archive.sana.sy\/tr\/index.php?rest_route=\/wp\/v2\/posts"}],"about":[{"href":"https:\/\/archive.sana.sy\/tr\/index.php?rest_route=\/wp\/v2\/types\/post"}],"author":[{"embeddable":true,"href":"https:\/\/archive.sana.sy\/tr\/index.php?rest_route=\/wp\/v2\/users\/36"}],"replies":[{"embeddable":true,"href":"https:\/\/archive.sana.sy\/tr\/index.php?rest_route=%2Fwp%2Fv2%2Fcomments&post=316329"}],"version-history":[{"count":3,"href":"https:\/\/archive.sana.sy\/tr\/index.php?rest_route=\/wp\/v2\/posts\/316329\/revisions"}],"predecessor-version":[{"id":316342,"href":"https:\/\/archive.sana.sy\/tr\/index.php?rest_route=\/wp\/v2\/posts\/316329\/revisions\/316342"}],"wp:featuredmedia":[{"embeddable":true,"href":"https:\/\/archive.sana.sy\/tr\/index.php?rest_route=\/wp\/v2\/media\/316330"}],"wp:attachment":[{"href":"https:\/\/archive.sana.sy\/tr\/index.php?rest_route=%2Fwp%2Fv2%2Fmedia&parent=316329"}],"wp:term":[{"taxonomy":"category","embeddable":true,"href":"https:\/\/archive.sana.sy\/tr\/index.php?rest_route=%2Fwp%2Fv2%2Fcategories&post=316329"},{"taxonomy":"post_tag","embeddable":true,"href":"https:\/\/archive.sana.sy\/tr\/index.php?rest_route=%2Fwp%2Fv2%2Ftags&post=316329"}],"curies":[{"name":"wp","href":"https:\/\/api.w.org\/{rel}","templated":true}]}}