{"id":316332,"date":"2025-03-03T11:40:29","date_gmt":"2025-03-03T08:40:29","guid":{"rendered":"https:\/\/sana.sy\/tr\/?p=316332"},"modified":"2025-03-03T15:01:43","modified_gmt":"2025-03-03T12:01:43","slug":"saglik-bakanligi-vekili-kral-salman-insani-yardim-ve-yardim-merkezinden-bir-heyetle-gorustu","status":"publish","type":"post","link":"https:\/\/archive.sana.sy\/tr\/?p=316332","title":{"rendered":"Sa\u011fl\u0131k Bakanl\u0131\u011f\u0131 Vekili, Kral Salman \u0130nsani Yard\u0131m ve \u0130mdat Merkezi&#8217;nden Bir Heyetle G\u00f6r\u00fc\u015ft\u00fc"},"content":{"rendered":"<p style=\"text-align: justify;\"><strong><span style=\"color: #800000;\">\u015eAM (SANA)<\/span> &#8211; <\/strong>Sa\u011fl\u0131k Bakanl\u0131\u011f\u0131 Vekili Dr. Mahir El \u015eara, Suudi Kral Salman \u0130nsani Yard\u0131m ve \u0130mdat Merkezi&#8217;nden bir heyetle bir araya geldi.<\/p>\n<p style=\"text-align: justify;\"><img loading=\"lazy\" decoding=\"async\" class=\"size-full wp-image-316333 alignright\" src=\"http:\/\/sana.sy\/tr\/wp-content\/uploads\/2025\/03\/4.jpg\" alt=\"\" width=\"300\" height=\"203\" srcset=\"https:\/\/archive.sana.sy\/tr\/wp-content\/uploads\/2025\/03\/4.jpg 300w, https:\/\/archive.sana.sy\/tr\/wp-content\/uploads\/2025\/03\/4-110x75.jpg 110w\" sizes=\"auto, (max-width: 300px) 100vw, 300px\" \/>Bakanl\u0131k binas\u0131nda ger\u00e7ekle\u015ftirilen toplant\u0131da Dr. El \u015eara, merkezin Suriye&#8217;deki \u00e7al\u0131\u015fmalar\u0131n\u0131n \u00f6nemine, sa\u011fl\u0131k sekt\u00f6r\u00fcne sa\u011flanan yard\u0131mlara, ila\u00e7 sevkiyat\u0131 ve \u00f6zel operasyonlarla hastalar\u0131n a\u011fr\u0131lar\u0131n\u0131n hafifletilmesindeki rol\u00fcne dikkat \u00e7ekti.<\/p>\n<p style=\"text-align: justify;\">Toplant\u0131n\u0131n sonunda Dr. El \u015eara, Suriye&#8217;de kald\u0131\u011f\u0131 s\u00fcre boyunca g\u00f6sterdi\u011fi b\u00fcy\u00fck \u00e7abalardan dolay\u0131 heyete onur kalkan\u0131 takdim etti.<\/p>\n<p style=\"text-align: justify;\">Kral Salman \u0130nsani Yard\u0131m ve \u0130mdat Merkezi, Suriye&#8217;de \u00e7e\u015fitli alanlarda projeler ba\u015flatt\u0131 ve bunlardan en sonuncusu, acil t\u0131bbi malzeme ta\u015f\u0131yan 22 kamyonun 25&#8217;ten fazla sa\u011fl\u0131k tesisine da\u011f\u0131t\u0131lmas\u0131yd\u0131.<\/p>\n","protected":false},"excerpt":{"rendered":"<p>\u015eAM (SANA) &#8211; Sa\u011fl\u0131k Bakanl\u0131\u011f\u0131 Vekili Dr. Mahir El \u015eara, Suudi Kral Salman \u0130nsani Yard\u0131m ve \u0130mdat Merkezi&#8217;nden bir heyetle bir araya geldi. Bakanl\u0131k binas\u0131nda ger\u00e7ekle\u015ftirilen toplant\u0131da Dr. El \u015eara, merkezin Suriye&#8217;deki \u00e7al\u0131\u015fmalar\u0131n\u0131n \u00f6nemine, sa\u011fl\u0131k sekt\u00f6r\u00fcne sa\u011flanan yard\u0131mlara, ila\u00e7 sevkiyat\u0131 ve \u00f6zel operasyonlarla hastalar\u0131n a\u011fr\u0131lar\u0131n\u0131n hafifletilmesindeki rol\u00fcne dikkat \u00e7ekti. Toplant\u0131n\u0131n sonunda Dr. El \u015eara, Suriye&#8217;de &hellip;<\/p>\n","protected":false},"author":36,"featured_media":316334,"comment_status":"closed","ping_status":"closed","sticky":false,"template":"","format":"standard","meta":{"footnotes":""},"categories":[589,479,17988,478],"tags":[],"class_list":["post-316332","post","type-post","status-publish","format-standard","has-post-thumbnail","","category-haber-seridi","category-haberler-yerel","category-son-haberler","category-yerel"],"_links":{"self":[{"href":"https:\/\/archive.sana.sy\/tr\/index.php?rest_route=\/wp\/v2\/posts\/316332","targetHints":{"allow":["GET"]}}],"collection":[{"href":"https:\/\/archive.sana.sy\/tr\/index.php?rest_route=\/wp\/v2\/posts"}],"about":[{"href":"https:\/\/archive.sana.sy\/tr\/index.php?rest_route=\/wp\/v2\/types\/post"}],"author":[{"embeddable":true,"href":"https:\/\/archive.sana.sy\/tr\/index.php?rest_route=\/wp\/v2\/users\/36"}],"replies":[{"embeddable":true,"href":"https:\/\/archive.sana.sy\/tr\/index.php?rest_route=%2Fwp%2Fv2%2Fcomments&post=316332"}],"version-history":[{"count":6,"href":"https:\/\/archive.sana.sy\/tr\/index.php?rest_route=\/wp\/v2\/posts\/316332\/revisions"}],"predecessor-version":[{"id":316344,"href":"https:\/\/archive.sana.sy\/tr\/index.php?rest_route=\/wp\/v2\/posts\/316332\/revisions\/316344"}],"wp:featuredmedia":[{"embeddable":true,"href":"https:\/\/archive.sana.sy\/tr\/index.php?rest_route=\/wp\/v2\/media\/316334"}],"wp:attachment":[{"href":"https:\/\/archive.sana.sy\/tr\/index.php?rest_route=%2Fwp%2Fv2%2Fmedia&parent=316332"}],"wp:term":[{"taxonomy":"category","embeddable":true,"href":"https:\/\/archive.sana.sy\/tr\/index.php?rest_route=%2Fwp%2Fv2%2Fcategories&post=316332"},{"taxonomy":"post_tag","embeddable":true,"href":"https:\/\/archive.sana.sy\/tr\/index.php?rest_route=%2Fwp%2Fv2%2Ftags&post=316332"}],"curies":[{"name":"wp","href":"https:\/\/api.w.org\/{rel}","templated":true}]}}