{"id":316367,"date":"2025-03-04T12:26:58","date_gmt":"2025-03-04T09:26:58","guid":{"rendered":"https:\/\/sana.sy\/tr\/?p=316367"},"modified":"2025-03-04T13:14:34","modified_gmt":"2025-03-04T10:14:34","slug":"suriye-arap-cumhuriyeti-cumhurbaskani-sayin-ahmed-el-sara-filistin-meselesindeki-gelismelerin-ele-alindigi-kahiredeki-olaganustu-arap-zirvesine-katilmak-uzere-misir-cumhuriyetinin-baskenti-kahire","status":"publish","type":"post","link":"https:\/\/archive.sana.sy\/tr\/?p=316367","title":{"rendered":"Suriye Arap Cumhuriyeti Cumhurba\u015fkan\u0131 Say\u0131n Ahmed El \u015eara, Filistin meselesindeki geli\u015fmelerin ele al\u0131nd\u0131\u011f\u0131 Kahire&#8217;deki ola\u011fan\u00fcst\u00fc Arap zirvesine kat\u0131lmak \u00fczere M\u0131s\u0131r Cumhuriyeti&#8217;nin ba\u015fkenti Kahire&#8217;ye vard\u0131."},"content":{"rendered":"<p>Suriye Arap Cumhuriyeti Cumhurba\u015fkan\u0131 Say\u0131n Ahmed El \u015eara, Filistin meselesindeki geli\u015fmelerin ele al\u0131nd\u0131\u011f\u0131 Kahire&#8217;deki ola\u011fan\u00fcst\u00fc Arap zirvesine kat\u0131lmak \u00fczere M\u0131s\u0131r Cumhuriyeti&#8217;nin ba\u015fkenti Kahire&#8217;ye vard\u0131.<\/p>\n","protected":false},"excerpt":{"rendered":"<p>Suriye Arap Cumhuriyeti Cumhurba\u015fkan\u0131 Say\u0131n Ahmed El \u015eara, Filistin meselesindeki geli\u015fmelerin ele al\u0131nd\u0131\u011f\u0131 Kahire&#8217;deki ola\u011fan\u00fcst\u00fc Arap zirvesine kat\u0131lmak \u00fczere M\u0131s\u0131r Cumhuriyeti&#8217;nin ba\u015fkenti Kahire&#8217;ye vard\u0131.<\/p>\n","protected":false},"author":36,"featured_media":0,"comment_status":"closed","ping_status":"closed","sticky":false,"template":"","format":"standard","meta":{"footnotes":""},"categories":[1],"tags":[],"class_list":["post-316367","post","type-post","status-publish","format-standard","","category-news-not-sorted"],"_links":{"self":[{"href":"https:\/\/archive.sana.sy\/tr\/index.php?rest_route=\/wp\/v2\/posts\/316367","targetHints":{"allow":["GET"]}}],"collection":[{"href":"https:\/\/archive.sana.sy\/tr\/index.php?rest_route=\/wp\/v2\/posts"}],"about":[{"href":"https:\/\/archive.sana.sy\/tr\/index.php?rest_route=\/wp\/v2\/types\/post"}],"author":[{"embeddable":true,"href":"https:\/\/archive.sana.sy\/tr\/index.php?rest_route=\/wp\/v2\/users\/36"}],"replies":[{"embeddable":true,"href":"https:\/\/archive.sana.sy\/tr\/index.php?rest_route=%2Fwp%2Fv2%2Fcomments&post=316367"}],"version-history":[{"count":1,"href":"https:\/\/archive.sana.sy\/tr\/index.php?rest_route=\/wp\/v2\/posts\/316367\/revisions"}],"predecessor-version":[{"id":316368,"href":"https:\/\/archive.sana.sy\/tr\/index.php?rest_route=\/wp\/v2\/posts\/316367\/revisions\/316368"}],"wp:attachment":[{"href":"https:\/\/archive.sana.sy\/tr\/index.php?rest_route=%2Fwp%2Fv2%2Fmedia&parent=316367"}],"wp:term":[{"taxonomy":"category","embeddable":true,"href":"https:\/\/archive.sana.sy\/tr\/index.php?rest_route=%2Fwp%2Fv2%2Fcategories&post=316367"},{"taxonomy":"post_tag","embeddable":true,"href":"https:\/\/archive.sana.sy\/tr\/index.php?rest_route=%2Fwp%2Fv2%2Ftags&post=316367"}],"curies":[{"name":"wp","href":"https:\/\/api.w.org\/{rel}","templated":true}]}}