{"id":316369,"date":"2025-03-04T04:13:55","date_gmt":"2025-03-04T01:13:55","guid":{"rendered":"https:\/\/sana.sy\/tr\/?p=316369"},"modified":"2025-03-05T14:33:36","modified_gmt":"2025-03-05T11:33:36","slug":"cumhurbaskani-el-sara-filistindeki-gelismelere-iliskin-olaganustu-arap-zirvesine-katilmak-uzere-kahireye-geldi","status":"publish","type":"post","link":"https:\/\/archive.sana.sy\/tr\/?p=316369","title":{"rendered":"Cumhurba\u015fkan\u0131 El \u015eara, Filistin&#8217;deki Geli\u015fmelere \u0130li\u015fkin Ola\u011fan\u00fcst\u00fc Arap zirvesine Kat\u0131lmak \u00dczere Kahire&#8217;ye Geldi"},"content":{"rendered":"<p style=\"text-align: justify;\"><strong><span style=\"color: #800000;\">KAH\u0130RA (SANA)<\/span> &#8211; <\/strong>Suriye Arap Cumhuriyeti Cumhurba\u015fkan\u0131 Say\u0131n Ahmed El \u015eara, Filistin meselesindeki geli\u015fmelerin ele al\u0131nd\u0131\u011f\u0131 ola\u011fan\u00fcst\u00fc Arap zirvesine kat\u0131lmak \u00fczere bug\u00fcn M\u0131s\u0131r&#8217;\u0131n ba\u015fkenti Kahire&#8217;ye geldi.<\/p>\n<p style=\"text-align: justify;\">Cumhurba\u015fkan\u0131 El \u015eara&#8217;n\u0131n M\u0131s\u0131r ziyareti, Gazze \u015eeridi&#8217;ndeki durumu g\u00f6r\u00fc\u015fmek \u00fczere Arap Birli\u011fi Konseyi&#8217;nin acil toplant\u0131s\u0131na kat\u0131lmak \u00fczere M\u0131s\u0131r Cumhurba\u015fkan\u0131 Abd\u00fclfettah El Sisi&#8217;den resmi bir davet ald\u0131ktan sonra ger\u00e7ekle\u015fti.<\/p>\n<p style=\"text-align: center;\"><strong><a href=\"https:\/\/t.me\/SuriyeArapHaberAjansI\">Telegram Kanal\u0131m\u0131z\u00a0<\/a><span style=\"color: #ff0000;\">||<\/span><a href=\"https:\/\/twitter.com\/arap_ajans\">X Platformumuz\u00a0<\/a><span style=\"color: #ff0000;\">||<\/span><a href=\"https:\/\/www.instagram.com\/sanaajansi\/\">Facebook Sayfam\u0131z<span style=\"color: #ff0000;\">||<span style=\"color: #0000ff;\">\u0130nstagram Hesab\u0131m\u0131z<\/span><\/span><\/a><\/strong><\/p>\n","protected":false},"excerpt":{"rendered":"<p>KAH\u0130RA (SANA) &#8211; Suriye Arap Cumhuriyeti Cumhurba\u015fkan\u0131 Say\u0131n Ahmed El \u015eara, Filistin meselesindeki geli\u015fmelerin ele al\u0131nd\u0131\u011f\u0131 ola\u011fan\u00fcst\u00fc Arap zirvesine kat\u0131lmak \u00fczere bug\u00fcn M\u0131s\u0131r&#8217;\u0131n ba\u015fkenti Kahire&#8217;ye geldi. Cumhurba\u015fkan\u0131 El \u015eara&#8217;n\u0131n M\u0131s\u0131r ziyareti, Gazze \u015eeridi&#8217;ndeki durumu g\u00f6r\u00fc\u015fmek \u00fczere Arap Birli\u011fi Konseyi&#8217;nin acil toplant\u0131s\u0131na kat\u0131lmak \u00fczere M\u0131s\u0131r Cumhurba\u015fkan\u0131 Abd\u00fclfettah El Sisi&#8217;den resmi bir davet ald\u0131ktan sonra ger\u00e7ekle\u015fti. Telegram &hellip;<\/p>\n","protected":false},"author":36,"featured_media":316370,"comment_status":"closed","ping_status":"closed","sticky":false,"template":"","format":"standard","meta":{"footnotes":""},"categories":[606,458,589,459,605,17988],"tags":[],"class_list":["post-316369","post","type-post","status-publish","format-standard","has-post-thumbnail","","category-cumhurbaskani","category-dunya1","category-haber-seridi","category-haberler-arap-uluslararasi-politika","category-sayin-cumhurbaskani","category-son-haberler"],"_links":{"self":[{"href":"https:\/\/archive.sana.sy\/tr\/index.php?rest_route=\/wp\/v2\/posts\/316369","targetHints":{"allow":["GET"]}}],"collection":[{"href":"https:\/\/archive.sana.sy\/tr\/index.php?rest_route=\/wp\/v2\/posts"}],"about":[{"href":"https:\/\/archive.sana.sy\/tr\/index.php?rest_route=\/wp\/v2\/types\/post"}],"author":[{"embeddable":true,"href":"https:\/\/archive.sana.sy\/tr\/index.php?rest_route=\/wp\/v2\/users\/36"}],"replies":[{"embeddable":true,"href":"https:\/\/archive.sana.sy\/tr\/index.php?rest_route=%2Fwp%2Fv2%2Fcomments&post=316369"}],"version-history":[{"count":4,"href":"https:\/\/archive.sana.sy\/tr\/index.php?rest_route=\/wp\/v2\/posts\/316369\/revisions"}],"predecessor-version":[{"id":316427,"href":"https:\/\/archive.sana.sy\/tr\/index.php?rest_route=\/wp\/v2\/posts\/316369\/revisions\/316427"}],"wp:featuredmedia":[{"embeddable":true,"href":"https:\/\/archive.sana.sy\/tr\/index.php?rest_route=\/wp\/v2\/media\/316370"}],"wp:attachment":[{"href":"https:\/\/archive.sana.sy\/tr\/index.php?rest_route=%2Fwp%2Fv2%2Fmedia&parent=316369"}],"wp:term":[{"taxonomy":"category","embeddable":true,"href":"https:\/\/archive.sana.sy\/tr\/index.php?rest_route=%2Fwp%2Fv2%2Fcategories&post=316369"},{"taxonomy":"post_tag","embeddable":true,"href":"https:\/\/archive.sana.sy\/tr\/index.php?rest_route=%2Fwp%2Fv2%2Ftags&post=316369"}],"curies":[{"name":"wp","href":"https:\/\/api.w.org\/{rel}","templated":true}]}}