{"id":316372,"date":"2025-03-04T14:47:12","date_gmt":"2025-03-04T11:47:12","guid":{"rendered":"https:\/\/sana.sy\/tr\/?p=316372"},"modified":"2025-03-06T10:41:45","modified_gmt":"2025-03-06T07:41:45","slug":"cumhurbaskani-el-sara-ve-bakan-el-seybani-olaganustu-arap-zirvesinin-aralarinda-avrupa-konseyi-baskani-ile-bir-araya-geldi","status":"publish","type":"post","link":"https:\/\/archive.sana.sy\/tr\/?p=316372","title":{"rendered":"Cumhurba\u015fkan\u0131 El \u015eara Ve Bakan El \u015eeybani, Ola\u011fan\u00fcst\u00fc Arap Zirvesinin Aralar\u0131nda Bir Dizi G\u00f6r\u00fc\u015fme Ger\u00e7ekle\u015ftirdi"},"content":{"rendered":"<p style=\"text-align: justify;\"><strong><span style=\"color: #800000;\">KAH\u0130RE (SANA)<\/span> &#8211; <\/strong>Cumhurba\u015fkan\u0131 Say\u0131n Ahmed El \u015eara ve D\u0131\u015fi\u015fleri Bakan\u0131 Say\u0131n Asaad El \u015eeybani, Kahire&#8217;de d\u00fczenlenen Ola\u011fan\u00fcst\u00fc Arap Zirvesi &#8220;Filistin Zirvesi&#8221; kapsam\u0131nda M\u0131s\u0131r Arap Cumhuriyeti Cumhurba\u015fkan\u0131 Say\u0131n <img loading=\"lazy\" decoding=\"async\" class=\"size-full wp-image-316491 alignright\" src=\"http:\/\/sana.sy\/tr\/wp-content\/uploads\/2025\/03\/2-copy-1-300x169-4.jpg\" alt=\"\" width=\"300\" height=\"169\" \/>Abd\u00fclfettah El Sisi ile yan g\u00f6r\u00fc\u015fme ger\u00e7ekle\u015ftirdi.<\/p>\n<p style=\"text-align: justify;\">Cumhurba\u015fkan\u0131 El \u015eara bu kapsamda, L\u00fcbnan Cumhurba\u015fkan\u0131 Joseph Avn ile bir araya geldi.<\/p>\n<p style=\"text-align: justify;\">Cumhurba\u015fkan\u0131 El \u015eara ve Bakan El \u015eeybani ayr\u0131ca, Avrupa Konseyi Ba\u015fkan\u0131 Say\u0131n Antonio Costa ile bir araya geldi.<\/p>\n<p style=\"text-align: justify;\">Yemen Cumhurba\u015fkanl\u0131\u011f\u0131 Liderlik Konseyi Ba\u015fkan\u0131 Say\u0131n Re\u015fad Muhammed El Alimi ile bir araya gelen Cumhurba\u015fkan\u0131 El \u015eara ve Bakan El \u015eeybani, Filistin Y\u00f6netimi Ba\u015fkan\u0131 Say\u0131n Mahmud Abbas ve beraberindeki heyetle de\u00a0 bir araya geldi.<\/p>\n<p style=\"text-align: justify;\">Bunun yan\u0131nda da, Cumhurba\u015fkan\u0131 El \u015eara ve Bakan El \u015eeybani, BM Genel Sekreteri Antonio Guterres&#8217;le g\u00f6r\u00fc\u015ft\u00fc.<\/p>\n<p style=\"text-align: justify;\">Bu ba\u011flamda, Bakan El \u015eeybani, L\u00fcbnanl\u0131 mevkida\u015f\u0131 Yusuf Racaci ile bir araya gelerek \u00e7e\u015fitli konular\u0131 g\u00f6r\u00fc\u015ft\u00fc. \u0130ki bakan, en \u00f6nemlisi L\u00fcbnan&#8217;daki Rumiye Hapishanesi&#8217;nde tutulan Suriyeli tutuklular meselesi olmak \u00fczere \u00e7e\u015fitli konular\u0131 masaya yat\u0131rd\u0131.<\/p>\n<div id='gallery-1' class='gallery galleryid-316372 gallery-columns-1 gallery-size-full'><figure class='gallery-item'>\n\t\t\t<div class='gallery-icon landscape'>\n\t\t\t\t<a href='https:\/\/archive.sana.sy\/tr\/?attachment_id=316492'><img loading=\"lazy\" decoding=\"async\" width=\"750\" height=\"421\" src=\"https:\/\/archive.sana.sy\/tr\/wp-content\/uploads\/2025\/03\/sesi114.jpg\" class=\"attachment-full size-full\" alt=\"\" srcset=\"https:\/\/archive.sana.sy\/tr\/wp-content\/uploads\/2025\/03\/sesi114.jpg 750w, https:\/\/archive.sana.sy\/tr\/wp-content\/uploads\/2025\/03\/sesi114-300x168.jpg 300w\" sizes=\"auto, (max-width: 750px) 100vw, 750px\" \/><\/a>\n\t\t\t<\/div><\/figure><figure class='gallery-item'>\n\t\t\t<div class='gallery-icon landscape'>\n\t\t\t\t<a href='https:\/\/archive.sana.sy\/tr\/?attachment_id=316414'><img loading=\"lazy\" decoding=\"async\" width=\"660\" height=\"370\" src=\"https:\/\/archive.sana.sy\/tr\/wp-content\/uploads\/2025\/03\/photo_2_2025-03-04_15-45-49-copy.jpg\" class=\"attachment-full size-full\" alt=\"\" srcset=\"https:\/\/archive.sana.sy\/tr\/wp-content\/uploads\/2025\/03\/photo_2_2025-03-04_15-45-49-copy.jpg 660w, https:\/\/archive.sana.sy\/tr\/wp-content\/uploads\/2025\/03\/photo_2_2025-03-04_15-45-49-copy-300x168.jpg 300w\" sizes=\"auto, (max-width: 660px) 100vw, 660px\" \/><\/a>\n\t\t\t<\/div><\/figure><figure class='gallery-item'>\n\t\t\t<div class='gallery-icon landscape'>\n\t\t\t\t<a href='https:\/\/archive.sana.sy\/tr\/?attachment_id=316413'><img loading=\"lazy\" decoding=\"async\" width=\"660\" height=\"370\" src=\"https:\/\/archive.sana.sy\/tr\/wp-content\/uploads\/2025\/03\/photo_1_2025-03-04_15-45-49-copy.jpg\" class=\"attachment-full size-full\" alt=\"\" srcset=\"https:\/\/archive.sana.sy\/tr\/wp-content\/uploads\/2025\/03\/photo_1_2025-03-04_15-45-49-copy.jpg 660w, https:\/\/archive.sana.sy\/tr\/wp-content\/uploads\/2025\/03\/photo_1_2025-03-04_15-45-49-copy-300x168.jpg 300w\" sizes=\"auto, (max-width: 660px) 100vw, 660px\" \/><\/a>\n\t\t\t<\/div><\/figure><figure class='gallery-item'>\n\t\t\t<div class='gallery-icon landscape'>\n\t\t\t\t<a href='https:\/\/archive.sana.sy\/tr\/?attachment_id=316412'><img loading=\"lazy\" decoding=\"async\" width=\"660\" height=\"370\" src=\"https:\/\/archive.sana.sy\/tr\/wp-content\/uploads\/2025\/03\/photo_1_2025-03-04_16-11-17-copy.jpg\" class=\"attachment-full size-full\" alt=\"\" srcset=\"https:\/\/archive.sana.sy\/tr\/wp-content\/uploads\/2025\/03\/photo_1_2025-03-04_16-11-17-copy.jpg 660w, https:\/\/archive.sana.sy\/tr\/wp-content\/uploads\/2025\/03\/photo_1_2025-03-04_16-11-17-copy-300x168.jpg 300w\" sizes=\"auto, (max-width: 660px) 100vw, 660px\" \/><\/a>\n\t\t\t<\/div><\/figure><figure class='gallery-item'>\n\t\t\t<div class='gallery-icon landscape'>\n\t\t\t\t<a href='https:\/\/archive.sana.sy\/tr\/?attachment_id=316411'><img loading=\"lazy\" decoding=\"async\" width=\"660\" height=\"370\" src=\"https:\/\/archive.sana.sy\/tr\/wp-content\/uploads\/2025\/03\/photo_2_2025-03-04_16-55-45-copy.jpg\" class=\"attachment-full size-full\" alt=\"\" srcset=\"https:\/\/archive.sana.sy\/tr\/wp-content\/uploads\/2025\/03\/photo_2_2025-03-04_16-55-45-copy.jpg 660w, https:\/\/archive.sana.sy\/tr\/wp-content\/uploads\/2025\/03\/photo_2_2025-03-04_16-55-45-copy-300x168.jpg 300w\" sizes=\"auto, (max-width: 660px) 100vw, 660px\" \/><\/a>\n\t\t\t<\/div><\/figure><figure class='gallery-item'>\n\t\t\t<div class='gallery-icon landscape'>\n\t\t\t\t<a href='https:\/\/archive.sana.sy\/tr\/?attachment_id=316417'><img loading=\"lazy\" decoding=\"async\" width=\"660\" height=\"370\" src=\"https:\/\/archive.sana.sy\/tr\/wp-content\/uploads\/2025\/03\/photo_1_2025-03-04_16-55-45-copy-1.jpg\" class=\"attachment-full size-full\" alt=\"\" srcset=\"https:\/\/archive.sana.sy\/tr\/wp-content\/uploads\/2025\/03\/photo_1_2025-03-04_16-55-45-copy-1.jpg 660w, https:\/\/archive.sana.sy\/tr\/wp-content\/uploads\/2025\/03\/photo_1_2025-03-04_16-55-45-copy-1-300x168.jpg 300w\" sizes=\"auto, (max-width: 660px) 100vw, 660px\" \/><\/a>\n\t\t\t<\/div><\/figure><figure class='gallery-item'>\n\t\t\t<div class='gallery-icon landscape'>\n\t\t\t\t<a href='https:\/\/archive.sana.sy\/tr\/?attachment_id=316490'><img loading=\"lazy\" decoding=\"async\" width=\"700\" height=\"539\" src=\"https:\/\/archive.sana.sy\/tr\/wp-content\/uploads\/2025\/03\/shebanwwwwwwwwwwww.jpg\" class=\"attachment-full size-full\" alt=\"\" srcset=\"https:\/\/archive.sana.sy\/tr\/wp-content\/uploads\/2025\/03\/shebanwwwwwwwwwwww.jpg 700w, https:\/\/archive.sana.sy\/tr\/wp-content\/uploads\/2025\/03\/shebanwwwwwwwwwwww-300x231.jpg 300w\" sizes=\"auto, (max-width: 700px) 100vw, 700px\" \/><\/a>\n\t\t\t<\/div><\/figure>\n\t\t<\/div>\n\n<p style=\"text-align: center;\"><strong><a href=\"https:\/\/t.me\/SuriyeArapHaberAjansI\">Telegram Kanal\u0131m\u0131z\u00a0<\/a><span style=\"color: #ff0000;\">||<\/span><a href=\"https:\/\/twitter.com\/arap_ajans\">X Platformumuz\u00a0<\/a><span style=\"color: #ff0000;\">||<\/span><a href=\"https:\/\/www.instagram.com\/sanaajansi\/\">Facebook Sayfam\u0131z<span style=\"color: #ff0000;\">||<span style=\"color: #0000ff;\">\u0130nstagram Hesab\u0131m\u0131z<\/span><\/span><\/a><\/strong><\/p>\n","protected":false},"excerpt":{"rendered":"<p>KAH\u0130RE (SANA) &#8211; Cumhurba\u015fkan\u0131 Say\u0131n Ahmed El \u015eara ve D\u0131\u015fi\u015fleri Bakan\u0131 Say\u0131n Asaad El \u015eeybani, Kahire&#8217;de d\u00fczenlenen Ola\u011fan\u00fcst\u00fc Arap Zirvesi &#8220;Filistin Zirvesi&#8221; kapsam\u0131nda M\u0131s\u0131r Arap Cumhuriyeti Cumhurba\u015fkan\u0131 Say\u0131n Abd\u00fclfettah El Sisi ile yan g\u00f6r\u00fc\u015fme ger\u00e7ekle\u015ftirdi. Cumhurba\u015fkan\u0131 El \u015eara bu kapsamda, L\u00fcbnan Cumhurba\u015fkan\u0131 Joseph Avn ile bir araya geldi. Cumhurba\u015fkan\u0131 El \u015eara ve Bakan El \u015eeybani &hellip;<\/p>\n","protected":false},"author":41,"featured_media":316493,"comment_status":"closed","ping_status":"closed","sticky":false,"template":"","format":"standard","meta":{"footnotes":""},"categories":[610,6459,605,17988],"tags":[],"class_list":["post-316372","post","type-post","status-publish","format-standard","has-post-thumbnail","","category-geziler","category-sana-fotolarl","category-sayin-cumhurbaskani","category-son-haberler"],"_links":{"self":[{"href":"https:\/\/archive.sana.sy\/tr\/index.php?rest_route=\/wp\/v2\/posts\/316372","targetHints":{"allow":["GET"]}}],"collection":[{"href":"https:\/\/archive.sana.sy\/tr\/index.php?rest_route=\/wp\/v2\/posts"}],"about":[{"href":"https:\/\/archive.sana.sy\/tr\/index.php?rest_route=\/wp\/v2\/types\/post"}],"author":[{"embeddable":true,"href":"https:\/\/archive.sana.sy\/tr\/index.php?rest_route=\/wp\/v2\/users\/41"}],"replies":[{"embeddable":true,"href":"https:\/\/archive.sana.sy\/tr\/index.php?rest_route=%2Fwp%2Fv2%2Fcomments&post=316372"}],"version-history":[{"count":19,"href":"https:\/\/archive.sana.sy\/tr\/index.php?rest_route=\/wp\/v2\/posts\/316372\/revisions"}],"predecessor-version":[{"id":316507,"href":"https:\/\/archive.sana.sy\/tr\/index.php?rest_route=\/wp\/v2\/posts\/316372\/revisions\/316507"}],"wp:featuredmedia":[{"embeddable":true,"href":"https:\/\/archive.sana.sy\/tr\/index.php?rest_route=\/wp\/v2\/media\/316493"}],"wp:attachment":[{"href":"https:\/\/archive.sana.sy\/tr\/index.php?rest_route=%2Fwp%2Fv2%2Fmedia&parent=316372"}],"wp:term":[{"taxonomy":"category","embeddable":true,"href":"https:\/\/archive.sana.sy\/tr\/index.php?rest_route=%2Fwp%2Fv2%2Fcategories&post=316372"},{"taxonomy":"post_tag","embeddable":true,"href":"https:\/\/archive.sana.sy\/tr\/index.php?rest_route=%2Fwp%2Fv2%2Ftags&post=316372"}],"curies":[{"name":"wp","href":"https:\/\/api.w.org\/{rel}","templated":true}]}}