{"id":316380,"date":"2025-03-04T15:08:34","date_gmt":"2025-03-04T12:08:34","guid":{"rendered":"https:\/\/sana.sy\/tr\/?p=316380"},"modified":"2025-03-04T15:08:34","modified_gmt":"2025-03-04T12:08:34","slug":"turkiye-suriyeye-yonelik-tum-yaptirimlar-on-kosulsuz-kaldirilmali","status":"publish","type":"post","link":"https:\/\/archive.sana.sy\/tr\/?p=316380","title":{"rendered":"T\u00fcrkiye: Suriye&#8217;ye Y\u00f6nelik T\u00fcm Yapt\u0131r\u0131mlar \u00d6n Ko\u015fulsuz Kald\u0131r\u0131lmal\u0131"},"content":{"rendered":"<p style=\"text-align: justify;\"><span style=\"color: #800000;\"><strong>ANKARA (SANA)<\/strong> &#8211;<\/span> T\u00fcrkiye, Bat\u0131&#8217;n\u0131n Suriye&#8217;ye uygulad\u0131\u011f\u0131 t\u00fcm yapt\u0131r\u0131mlar\u0131n \u00f6n ko\u015fulsuz olarak kald\u0131r\u0131lmas\u0131 gerekti\u011fini vurgulad\u0131.<\/p>\n<p style=\"text-align: justify;\">Anadolu Ajans\u0131, d\u00fcn Ankara&#8217;da \u0130ngiliz taraf\u0131yla yap\u0131lan isti\u015fare toplant\u0131s\u0131nda, T\u00fcrkiye ve \u0130ngiltere D\u0131\u015fi\u015fleri Bakanl\u0131klar\u0131 yetkililerinin, eski rejim d\u00f6neminde Suriye&#8217;ye uygulanan yapt\u0131r\u0131mlar\u0131n kald\u0131r\u0131lmas\u0131 konusunu ele ald\u0131\u011f\u0131n\u0131 bildirdi.<\/p>\n<p style=\"text-align: justify;\">D\u0131\u015fi\u015fleri Bakanl\u0131\u011f\u0131&#8217;ndaki diplomatik kaynaklar, bug\u00fcn T\u00fcrkiye D\u0131\u015fi\u015fleri Bakan Yard\u0131mc\u0131s\u0131 Nuh Y\u0131lmaz ve \u0130ngiltere&#8217;nin Ortado\u011fu, Kuzey Afrika, Afganistan ve Pakistan&#8217;dan Sorumlu Devlet Bakan\u0131 Hamish Falconer ba\u015fkanl\u0131l\u0131\u011f\u0131nda yap\u0131lan isti\u015farelerde \u00f6zellikle Suriye&#8217;ye y\u00f6nelik yapt\u0131r\u0131mlar\u0131n \u00f6n ko\u015fulsuz olarak tamamen kald\u0131r\u0131lmas\u0131 ve Suriye&#8217;ye mali kaynak ak\u0131\u015f\u0131n\u0131n sa\u011flanmas\u0131 konusunun ele al\u0131nd\u0131\u011f\u0131n\u0131 a\u00e7\u0131klad\u0131.<\/p>\n<p style=\"text-align: justify;\">G\u00f6r\u00fc\u015fmede Suriye&#8217;de yeniden yap\u0131lanma ve ekonomik kalk\u0131nma konular\u0131n\u0131n da ele al\u0131nd\u0131\u011f\u0131 belirtilirken, Y\u0131lmaz, T\u00fcrkiye&#8217;nin Suriye&#8217;deki g\u00fcvenlik, insani ve ekonomik duruma ili\u015fkin de\u011ferlendirmelerini \u0130ngiliz taraf\u0131na aktard\u0131.<\/p>\n<p style=\"text-align: justify;\">G\u00f6r\u00fc\u015fmede ayr\u0131ca, T\u00fcrkiye ile \u0130ngiltere aras\u0131nda, \u00f6zellikle Suriye olmak \u00fczere b\u00f6lgesel konularda isti\u015farelerin s\u00fcrd\u00fcr\u00fclmesi konusunda mutab\u0131k kal\u0131nd\u0131.<\/p>\n<p style=\"text-align: center;\"><strong><a href=\"https:\/\/t.me\/SuriyeArapHaberAjansI\">Telegram Kanal\u0131m\u0131z\u00a0<\/a><span style=\"color: #ff0000;\">||<\/span><a href=\"https:\/\/twitter.com\/arap_ajans\">X Platformumuz\u00a0<\/a><span style=\"color: #ff0000;\">||<\/span><a href=\"https:\/\/www.instagram.com\/sanaajansi\/\">Facebook Sayfam\u0131z<span style=\"color: #ff0000;\">||<span style=\"color: #0000ff;\">\u0130nstagram Hesab\u0131m\u0131z<\/span><\/span><\/a><\/strong><\/p>\n","protected":false},"excerpt":{"rendered":"<p>ANKARA (SANA) &#8211; T\u00fcrkiye, Bat\u0131&#8217;n\u0131n Suriye&#8217;ye uygulad\u0131\u011f\u0131 t\u00fcm yapt\u0131r\u0131mlar\u0131n \u00f6n ko\u015fulsuz olarak kald\u0131r\u0131lmas\u0131 gerekti\u011fini vurgulad\u0131. Anadolu Ajans\u0131, d\u00fcn Ankara&#8217;da \u0130ngiliz taraf\u0131yla yap\u0131lan isti\u015fare toplant\u0131s\u0131nda, T\u00fcrkiye ve \u0130ngiltere D\u0131\u015fi\u015fleri Bakanl\u0131klar\u0131 yetkililerinin, eski rejim d\u00f6neminde Suriye&#8217;ye uygulanan yapt\u0131r\u0131mlar\u0131n kald\u0131r\u0131lmas\u0131 konusunu ele ald\u0131\u011f\u0131n\u0131 bildirdi. D\u0131\u015fi\u015fleri Bakanl\u0131\u011f\u0131&#8217;ndaki diplomatik kaynaklar, bug\u00fcn T\u00fcrkiye D\u0131\u015fi\u015fleri Bakan Yard\u0131mc\u0131s\u0131 Nuh Y\u0131lmaz ve \u0130ngiltere&#8217;nin Ortado\u011fu, &hellip;<\/p>\n","protected":false},"author":41,"featured_media":316381,"comment_status":"closed","ping_status":"closed","sticky":false,"template":"","format":"standard","meta":{"footnotes":""},"categories":[458,589,459,17988],"tags":[43469],"class_list":["post-316380","post","type-post","status-publish","format-standard","has-post-thumbnail","","category-dunya1","category-haber-seridi","category-haberler-arap-uluslararasi-politika","category-son-haberler","tag-turkiye-suriyeye-yonelik-tum-yaptirimlar-on-kosulsuz-kaldirilmali"],"_links":{"self":[{"href":"https:\/\/archive.sana.sy\/tr\/index.php?rest_route=\/wp\/v2\/posts\/316380","targetHints":{"allow":["GET"]}}],"collection":[{"href":"https:\/\/archive.sana.sy\/tr\/index.php?rest_route=\/wp\/v2\/posts"}],"about":[{"href":"https:\/\/archive.sana.sy\/tr\/index.php?rest_route=\/wp\/v2\/types\/post"}],"author":[{"embeddable":true,"href":"https:\/\/archive.sana.sy\/tr\/index.php?rest_route=\/wp\/v2\/users\/41"}],"replies":[{"embeddable":true,"href":"https:\/\/archive.sana.sy\/tr\/index.php?rest_route=%2Fwp%2Fv2%2Fcomments&post=316380"}],"version-history":[{"count":1,"href":"https:\/\/archive.sana.sy\/tr\/index.php?rest_route=\/wp\/v2\/posts\/316380\/revisions"}],"predecessor-version":[{"id":316382,"href":"https:\/\/archive.sana.sy\/tr\/index.php?rest_route=\/wp\/v2\/posts\/316380\/revisions\/316382"}],"wp:featuredmedia":[{"embeddable":true,"href":"https:\/\/archive.sana.sy\/tr\/index.php?rest_route=\/wp\/v2\/media\/316381"}],"wp:attachment":[{"href":"https:\/\/archive.sana.sy\/tr\/index.php?rest_route=%2Fwp%2Fv2%2Fmedia&parent=316380"}],"wp:term":[{"taxonomy":"category","embeddable":true,"href":"https:\/\/archive.sana.sy\/tr\/index.php?rest_route=%2Fwp%2Fv2%2Fcategories&post=316380"},{"taxonomy":"post_tag","embeddable":true,"href":"https:\/\/archive.sana.sy\/tr\/index.php?rest_route=%2Fwp%2Fv2%2Ftags&post=316380"}],"curies":[{"name":"wp","href":"https:\/\/api.w.org\/{rel}","templated":true}]}}