{"id":316440,"date":"2025-03-05T08:50:43","date_gmt":"2025-03-05T05:50:43","guid":{"rendered":"https:\/\/sana.sy\/tr\/?p=316440"},"modified":"2025-03-06T10:42:05","modified_gmt":"2025-03-06T07:42:05","slug":"cumhurbaskani-el-sara-suriye-arap-kardesleri-arasinda-dogal-bir-yerdedir","status":"publish","type":"post","link":"https:\/\/archive.sana.sy\/tr\/?p=316440","title":{"rendered":"Cumhurba\u015fkan\u0131 El \u015eara: Suriye, Arap Karde\u015fleri Aras\u0131nda Do\u011fal Bir Yerdedir"},"content":{"rendered":"<p style=\"text-align: justify;\"><span style=\"color: #800000;\"><strong>KAH\u0130RE (SANA)<\/strong><\/span> &#8211; Cumhurba\u015fkan\u0131 Ahmed El \u015eara, Suriye&#8217;nin art\u0131k Arap karde\u015fleri aras\u0131nda do\u011fal yerini ald\u0131\u011f\u0131n\u0131, Arap toplulu\u011funun bir par\u00e7as\u0131 oldu\u011funu vurgulad\u0131.<\/p>\n<p style=\"text-align: justify;\">Cumhurba\u015fkan\u0131 El \u015eara, bug\u00fcn Kahire&#8217;de d\u00fczenlenen ola\u011fan\u00fcst\u00fc Arap zirvesi &#8220;Filistin Zirvesi&#8221;ne kat\u0131l\u0131m\u0131n\u0131n ard\u0131ndan Al Arabiya Al Hadath kanal\u0131na yapt\u0131\u011f\u0131 a\u00e7\u0131klamada \u015funlar\u0131 s\u00f6yledi: &#8221;Araplarla ili\u015fkilerimiz genel olarak Arap Zirvesi \u00f6ncesinde kurulmu\u015ftu ve bir\u00e7ok Arap lideri \u015eam&#8217;\u0131 ziyaret etti, ben de Arap \u00fclkelerine baz\u0131 ziyaretlerde bulundum, D\u0131\u015fi\u015fleri Bakan\u0131 da bir\u00e7ok \u00fclkeyi ziyaret etti.&#8221;<\/p>\n<p style=\"text-align: justify;\">Cumhurba\u015fkan\u0131 El \u015eara \u015funlar\u0131 ekledi: &#8221;Suriye art\u0131k do\u011fal yerindedir ve Arap kat\u0131na d\u00f6nd\u00fc\u011f\u00fcn\u00fc s\u00f6ylemiyorum, zira Arap kat\u0131n\u0131n bir par\u00e7as\u0131d\u0131r, \u00f6zellikle de M\u0131s\u0131r&#8217;\u0131n ve dedikleri gibi, M\u0131s\u0131r ve \u015eam bir ku\u015fun iki kanad\u0131d\u0131r ve bu, tarihin her d\u00f6neminde do\u011fal durum olmu\u015ftur.&#8221;<\/p>\n<p style=\"text-align: justify;\">\u0130srail&#8217;in Suriye topraklar\u0131na y\u00f6nelik sald\u0131rganl\u0131klr\u0131na ili\u015fkin Cumhurba\u015fkan\u0131 El \u015eara \u015funlar\u0131 s\u00f6yledi: &#8221;\u0130srail sald\u0131rganl\u0131\u011f\u0131 rejimin \u00e7\u00f6k\u00fc\u015f\u00fcn\u00fcn bir istismar\u0131d\u0131r ve g\u00fcvenlik bahaneleriyle ilerleme kaydetmi\u015ftir, ancak bu konuda yay\u0131lmac\u0131 niyetler a\u00e7\u0131kt\u0131r. Nas\u0131l cevap verece\u011fiz? \u0130\u015fte \u015fimdi bunu s\u00f6ylemememiz laz\u0131m.&#8221;<\/p>\n<p style=\"text-align: center;\"><strong><a href=\"https:\/\/t.me\/SuriyeArapHaberAjansI\">Telegram Kanal\u0131m\u0131z\u00a0<\/a><span style=\"color: #ff0000;\">||<\/span><a href=\"https:\/\/twitter.com\/arap_ajans\">X Platformumuz\u00a0<\/a><span style=\"color: #ff0000;\">||<\/span><a href=\"https:\/\/www.instagram.com\/sanaajansi\/\">Facebook Sayfam\u0131z<span style=\"color: #ff0000;\">||<span style=\"color: #0000ff;\">\u0130nstagram Hesab\u0131m\u0131z<\/span><\/span><\/a><\/strong><\/p>\n","protected":false},"excerpt":{"rendered":"<p>KAH\u0130RE (SANA) &#8211; Cumhurba\u015fkan\u0131 Ahmed El \u015eara, Suriye&#8217;nin art\u0131k Arap karde\u015fleri aras\u0131nda do\u011fal yerini ald\u0131\u011f\u0131n\u0131, Arap toplulu\u011funun bir par\u00e7as\u0131 oldu\u011funu vurgulad\u0131. Cumhurba\u015fkan\u0131 El \u015eara, bug\u00fcn Kahire&#8217;de d\u00fczenlenen ola\u011fan\u00fcst\u00fc Arap zirvesi &#8220;Filistin Zirvesi&#8221;ne kat\u0131l\u0131m\u0131n\u0131n ard\u0131ndan Al Arabiya Al Hadath kanal\u0131na yapt\u0131\u011f\u0131 a\u00e7\u0131klamada \u015funlar\u0131 s\u00f6yledi: &#8221;Araplarla ili\u015fkilerimiz genel olarak Arap Zirvesi \u00f6ncesinde kurulmu\u015ftu ve bir\u00e7ok Arap lideri &hellip;<\/p>\n","protected":false},"author":39,"featured_media":316441,"comment_status":"closed","ping_status":"closed","sticky":false,"template":"","format":"standard","meta":{"footnotes":""},"categories":[606,458,459,605,17988],"tags":[],"class_list":["post-316440","post","type-post","status-publish","format-standard","has-post-thumbnail","","category-cumhurbaskani","category-dunya1","category-haberler-arap-uluslararasi-politika","category-sayin-cumhurbaskani","category-son-haberler"],"_links":{"self":[{"href":"https:\/\/archive.sana.sy\/tr\/index.php?rest_route=\/wp\/v2\/posts\/316440","targetHints":{"allow":["GET"]}}],"collection":[{"href":"https:\/\/archive.sana.sy\/tr\/index.php?rest_route=\/wp\/v2\/posts"}],"about":[{"href":"https:\/\/archive.sana.sy\/tr\/index.php?rest_route=\/wp\/v2\/types\/post"}],"author":[{"embeddable":true,"href":"https:\/\/archive.sana.sy\/tr\/index.php?rest_route=\/wp\/v2\/users\/39"}],"replies":[{"embeddable":true,"href":"https:\/\/archive.sana.sy\/tr\/index.php?rest_route=%2Fwp%2Fv2%2Fcomments&post=316440"}],"version-history":[{"count":3,"href":"https:\/\/archive.sana.sy\/tr\/index.php?rest_route=\/wp\/v2\/posts\/316440\/revisions"}],"predecessor-version":[{"id":316508,"href":"https:\/\/archive.sana.sy\/tr\/index.php?rest_route=\/wp\/v2\/posts\/316440\/revisions\/316508"}],"wp:featuredmedia":[{"embeddable":true,"href":"https:\/\/archive.sana.sy\/tr\/index.php?rest_route=\/wp\/v2\/media\/316441"}],"wp:attachment":[{"href":"https:\/\/archive.sana.sy\/tr\/index.php?rest_route=%2Fwp%2Fv2%2Fmedia&parent=316440"}],"wp:term":[{"taxonomy":"category","embeddable":true,"href":"https:\/\/archive.sana.sy\/tr\/index.php?rest_route=%2Fwp%2Fv2%2Fcategories&post=316440"},{"taxonomy":"post_tag","embeddable":true,"href":"https:\/\/archive.sana.sy\/tr\/index.php?rest_route=%2Fwp%2Fv2%2Ftags&post=316440"}],"curies":[{"name":"wp","href":"https:\/\/api.w.org\/{rel}","templated":true}]}}