{"id":316449,"date":"2025-03-05T09:31:20","date_gmt":"2025-03-05T06:31:20","guid":{"rendered":"https:\/\/sana.sy\/tr\/?p=316449"},"modified":"2025-03-06T10:42:25","modified_gmt":"2025-03-06T07:42:25","slug":"cumhurbaskani-el-sara-olaganustu-arap-zirvesi-toplantisina-katildiktan-sonra-misir-topraklarindan-ayrildi","status":"publish","type":"post","link":"https:\/\/archive.sana.sy\/tr\/?p=316449","title":{"rendered":"Cumhurba\u015fkan\u0131 El \u015eara, Ola\u011fan\u00fcst\u00fc Arap Zirvesi Toplant\u0131s\u0131na Kat\u0131ld\u0131ktan Sonra M\u0131s\u0131r Topraklar\u0131ndan Ayr\u0131ld\u0131"},"content":{"rendered":"<p style=\"text-align: justify;\"><strong><span style=\"color: #800000;\">KAHIRE (SANA)<\/span> \u2013<\/strong> Suriye Arap Cumhuriyeti Cumhurba\u015fkan\u0131 Say\u0131n Ahmed El \u015eara, Kahire&#8217;de d\u00fczenlenen ola\u011fan\u00fcst\u00fc Arap zirvesi toplant\u0131s\u0131 \u201cFilistin Zirvesi\u201dne kat\u0131ld\u0131ktan sonra M\u0131s\u0131r topraklar\u0131ndan ayr\u0131ld\u0131.<\/p>\n<p style=\"text-align: center;\"><strong><a href=\"https:\/\/t.me\/SuriyeArapHaberAjansI\">Telegram Kanal\u0131m\u0131z\u00a0<\/a><span style=\"color: #ff0000;\">||<\/span><a href=\"https:\/\/twitter.com\/arap_ajans\">X Platformumuz\u00a0<\/a><span style=\"color: #ff0000;\">||<\/span><a href=\"https:\/\/www.instagram.com\/sanaajansi\/\">Facebook Sayfam\u0131z<span style=\"color: #ff0000;\">||<span style=\"color: #0000ff;\">\u0130nstagram Hesab\u0131m\u0131z<\/span><\/span><\/a><\/strong><\/p>\n","protected":false},"excerpt":{"rendered":"<p>KAHIRE (SANA) \u2013 Suriye Arap Cumhuriyeti Cumhurba\u015fkan\u0131 Say\u0131n Ahmed El \u015eara, Kahire&#8217;de d\u00fczenlenen ola\u011fan\u00fcst\u00fc Arap zirvesi toplant\u0131s\u0131 \u201cFilistin Zirvesi\u201dne kat\u0131ld\u0131ktan sonra M\u0131s\u0131r topraklar\u0131ndan ayr\u0131ld\u0131. Telegram Kanal\u0131m\u0131z\u00a0||X Platformumuz\u00a0||Facebook Sayfam\u0131z||\u0130nstagram Hesab\u0131m\u0131z<\/p>\n","protected":false},"author":39,"featured_media":316450,"comment_status":"closed","ping_status":"closed","sticky":false,"template":"","format":"standard","meta":{"footnotes":""},"categories":[606,458,459,605],"tags":[],"class_list":["post-316449","post","type-post","status-publish","format-standard","has-post-thumbnail","","category-cumhurbaskani","category-dunya1","category-haberler-arap-uluslararasi-politika","category-sayin-cumhurbaskani"],"_links":{"self":[{"href":"https:\/\/archive.sana.sy\/tr\/index.php?rest_route=\/wp\/v2\/posts\/316449","targetHints":{"allow":["GET"]}}],"collection":[{"href":"https:\/\/archive.sana.sy\/tr\/index.php?rest_route=\/wp\/v2\/posts"}],"about":[{"href":"https:\/\/archive.sana.sy\/tr\/index.php?rest_route=\/wp\/v2\/types\/post"}],"author":[{"embeddable":true,"href":"https:\/\/archive.sana.sy\/tr\/index.php?rest_route=\/wp\/v2\/users\/39"}],"replies":[{"embeddable":true,"href":"https:\/\/archive.sana.sy\/tr\/index.php?rest_route=%2Fwp%2Fv2%2Fcomments&post=316449"}],"version-history":[{"count":3,"href":"https:\/\/archive.sana.sy\/tr\/index.php?rest_route=\/wp\/v2\/posts\/316449\/revisions"}],"predecessor-version":[{"id":316502,"href":"https:\/\/archive.sana.sy\/tr\/index.php?rest_route=\/wp\/v2\/posts\/316449\/revisions\/316502"}],"wp:featuredmedia":[{"embeddable":true,"href":"https:\/\/archive.sana.sy\/tr\/index.php?rest_route=\/wp\/v2\/media\/316450"}],"wp:attachment":[{"href":"https:\/\/archive.sana.sy\/tr\/index.php?rest_route=%2Fwp%2Fv2%2Fmedia&parent=316449"}],"wp:term":[{"taxonomy":"category","embeddable":true,"href":"https:\/\/archive.sana.sy\/tr\/index.php?rest_route=%2Fwp%2Fv2%2Fcategories&post=316449"},{"taxonomy":"post_tag","embeddable":true,"href":"https:\/\/archive.sana.sy\/tr\/index.php?rest_route=%2Fwp%2Fv2%2Ftags&post=316449"}],"curies":[{"name":"wp","href":"https:\/\/api.w.org\/{rel}","templated":true}]}}