{"id":316516,"date":"2025-03-06T10:41:10","date_gmt":"2025-03-06T07:41:10","guid":{"rendered":"https:\/\/sana.sy\/tr\/?p=316516"},"modified":"2025-03-06T17:36:56","modified_gmt":"2025-03-06T14:36:56","slug":"bakan-el-seybani-hollandanin-lahey-kentinde-ksyo-yurutme-kurulu-toplantisinda-cesitli-toplantilar-duzenledi-ve-konusma-yapti","status":"publish","type":"post","link":"https:\/\/archive.sana.sy\/tr\/?p=316516","title":{"rendered":"Bakan El \u015eeybani, Hollanda&#8217;n\u0131n Lahey Kentinde KSY\u00d6 Y\u00fcr\u00fctme Kurulu Toplant\u0131s\u0131nda \u00c7e\u015fitli Toplant\u0131lar D\u00fczenledi Ve Konu\u015fma Yapt\u0131"},"content":{"rendered":"<p style=\"text-align: justify;\"><span style=\"color: #800000;\"><strong>LAHEY <\/strong><\/span><strong><span style=\"color: #800000;\">(SANA)<\/span> &#8211;<\/strong> \u00a0D\u0131\u015fi\u015fleri Bakan\u0131 Asaad El \u015eeybani, Hollanda&#8217;n\u0131n Lahey kentinde Kimyasal Silahlar\u0131n Yasaklanmas\u0131 \u00d6rg\u00fct\u00fc&#8217;n\u00fcn Y\u00fcr\u00fctme Kurulu toplant\u0131s\u0131nda konu\u015fma yapt\u0131.<\/p>\n<p style=\"text-align: justify;\">Bakan El \u015eeybani ayr\u0131ca Hollandal\u0131 mevkida\u015f\u0131 Caspar Veldkamp ile bir araya geldi.<\/p>\n<p style=\"text-align: justify;\">Bakan El \u015eeybani ayr\u0131ca Hollanda&#8217;daki Uluslararas\u0131 Ceza Mahkemesi Ba\u015fkan\u0131 Kerim Ahmed Han ile de bir araya geldi.<\/p>\n<p style=\"text-align: justify;\">Bu ba\u011flamda, D\u0131\u015fi\u015fleri Bakan\u0131, Kimyasal Silahlar\u0131n Yasaklanmas\u0131 \u00d6rg\u00fct\u00fc Genel Direkt\u00f6r\u00fc Fernando Arias Gonzalez ile g\u00f6r\u00fc\u015ft\u00fc.<\/p>\n<p style=\"text-align: justify;\">Bakan El \u015eeybani, Komisyon Genel M\u00fcd\u00fcr\u00fc Catherine Bomberger ba\u015fkanl\u0131\u011f\u0131ndaki Uluslararas\u0131 Kay\u0131p \u015eah\u0131slar Komisyonu ile bir toplant\u0131 da ger\u00e7ekle\u015ftirdi.<\/p>\n<div id='gallery-1' class='gallery galleryid-316516 gallery-columns-1 gallery-size-full'><figure class='gallery-item'>\n\t\t\t<div class='gallery-icon landscape'>\n\t\t\t\t<a href='https:\/\/archive.sana.sy\/tr\/wp-content\/uploads\/2025\/03\/0-13.jpg'><img loading=\"lazy\" decoding=\"async\" width=\"660\" height=\"370\" src=\"https:\/\/archive.sana.sy\/tr\/wp-content\/uploads\/2025\/03\/0-13.jpg\" class=\"attachment-full size-full\" alt=\"\" srcset=\"https:\/\/archive.sana.sy\/tr\/wp-content\/uploads\/2025\/03\/0-13.jpg 660w, https:\/\/archive.sana.sy\/tr\/wp-content\/uploads\/2025\/03\/0-13-300x168.jpg 300w\" sizes=\"auto, (max-width: 660px) 100vw, 660px\" \/><\/a>\n\t\t\t<\/div><\/figure><figure class='gallery-item'>\n\t\t\t<div class='gallery-icon landscape'>\n\t\t\t\t<a href='https:\/\/archive.sana.sy\/tr\/wp-content\/uploads\/2025\/03\/agha-khan-11.jpg'><img loading=\"lazy\" decoding=\"async\" width=\"750\" height=\"422\" src=\"https:\/\/archive.sana.sy\/tr\/wp-content\/uploads\/2025\/03\/agha-khan-11.jpg\" class=\"attachment-full size-full\" alt=\"\" srcset=\"https:\/\/archive.sana.sy\/tr\/wp-content\/uploads\/2025\/03\/agha-khan-11.jpg 750w, https:\/\/archive.sana.sy\/tr\/wp-content\/uploads\/2025\/03\/agha-khan-11-300x169.jpg 300w\" sizes=\"auto, (max-width: 750px) 100vw, 750px\" \/><\/a>\n\t\t\t<\/div><\/figure><figure class='gallery-item'>\n\t\t\t<div class='gallery-icon landscape'>\n\t\t\t\t<a href='https:\/\/archive.sana.sy\/tr\/wp-content\/uploads\/2025\/03\/agha-khan-12.jpg'><img loading=\"lazy\" decoding=\"async\" width=\"750\" height=\"421\" src=\"https:\/\/archive.sana.sy\/tr\/wp-content\/uploads\/2025\/03\/agha-khan-12.jpg\" class=\"attachment-full size-full\" alt=\"\" srcset=\"https:\/\/archive.sana.sy\/tr\/wp-content\/uploads\/2025\/03\/agha-khan-12.jpg 750w, https:\/\/archive.sana.sy\/tr\/wp-content\/uploads\/2025\/03\/agha-khan-12-300x168.jpg 300w\" sizes=\"auto, (max-width: 750px) 100vw, 750px\" \/><\/a>\n\t\t\t<\/div><\/figure><figure class='gallery-item'>\n\t\t\t<div class='gallery-icon landscape'>\n\t\t\t\t<a href='https:\/\/archive.sana.sy\/tr\/wp-content\/uploads\/2025\/03\/shebane-9.jpg'><img loading=\"lazy\" decoding=\"async\" width=\"750\" height=\"422\" src=\"https:\/\/archive.sana.sy\/tr\/wp-content\/uploads\/2025\/03\/shebane-9.jpg\" class=\"attachment-full size-full\" alt=\"\" srcset=\"https:\/\/archive.sana.sy\/tr\/wp-content\/uploads\/2025\/03\/shebane-9.jpg 750w, https:\/\/archive.sana.sy\/tr\/wp-content\/uploads\/2025\/03\/shebane-9-300x169.jpg 300w\" sizes=\"auto, (max-width: 750px) 100vw, 750px\" \/><\/a>\n\t\t\t<\/div><\/figure><figure class='gallery-item'>\n\t\t\t<div class='gallery-icon landscape'>\n\t\t\t\t<a href='https:\/\/archive.sana.sy\/tr\/wp-content\/uploads\/2025\/03\/shebane-10.jpg'><img loading=\"lazy\" decoding=\"async\" width=\"750\" height=\"422\" src=\"https:\/\/archive.sana.sy\/tr\/wp-content\/uploads\/2025\/03\/shebane-10.jpg\" class=\"attachment-full size-full\" alt=\"\" srcset=\"https:\/\/archive.sana.sy\/tr\/wp-content\/uploads\/2025\/03\/shebane-10.jpg 750w, https:\/\/archive.sana.sy\/tr\/wp-content\/uploads\/2025\/03\/shebane-10-300x169.jpg 300w\" sizes=\"auto, (max-width: 750px) 100vw, 750px\" \/><\/a>\n\t\t\t<\/div><\/figure><figure class='gallery-item'>\n\t\t\t<div class='gallery-icon landscape'>\n\t\t\t\t<a href='https:\/\/archive.sana.sy\/tr\/wp-content\/uploads\/2025\/03\/shebane-11.jpg'><img loading=\"lazy\" decoding=\"async\" width=\"750\" height=\"421\" src=\"https:\/\/archive.sana.sy\/tr\/wp-content\/uploads\/2025\/03\/shebane-11.jpg\" class=\"attachment-full size-full\" alt=\"\" srcset=\"https:\/\/archive.sana.sy\/tr\/wp-content\/uploads\/2025\/03\/shebane-11.jpg 750w, https:\/\/archive.sana.sy\/tr\/wp-content\/uploads\/2025\/03\/shebane-11-300x168.jpg 300w\" sizes=\"auto, (max-width: 750px) 100vw, 750px\" \/><\/a>\n\t\t\t<\/div><\/figure><figure class='gallery-item'>\n\t\t\t<div class='gallery-icon landscape'>\n\t\t\t\t<a href='https:\/\/archive.sana.sy\/tr\/wp-content\/uploads\/2025\/03\/shebane12.jpg'><img loading=\"lazy\" decoding=\"async\" width=\"750\" height=\"422\" src=\"https:\/\/archive.sana.sy\/tr\/wp-content\/uploads\/2025\/03\/shebane12.jpg\" class=\"attachment-full size-full\" alt=\"\" srcset=\"https:\/\/archive.sana.sy\/tr\/wp-content\/uploads\/2025\/03\/shebane12.jpg 750w, https:\/\/archive.sana.sy\/tr\/wp-content\/uploads\/2025\/03\/shebane12-300x169.jpg 300w\" sizes=\"auto, (max-width: 750px) 100vw, 750px\" \/><\/a>\n\t\t\t<\/div><\/figure><figure class='gallery-item'>\n\t\t\t<div class='gallery-icon landscape'>\n\t\t\t\t<a href='https:\/\/archive.sana.sy\/tr\/wp-content\/uploads\/2025\/03\/shebane-13.jpg'><img loading=\"lazy\" decoding=\"async\" width=\"750\" height=\"422\" src=\"https:\/\/archive.sana.sy\/tr\/wp-content\/uploads\/2025\/03\/shebane-13.jpg\" class=\"attachment-full size-full\" alt=\"\" srcset=\"https:\/\/archive.sana.sy\/tr\/wp-content\/uploads\/2025\/03\/shebane-13.jpg 750w, https:\/\/archive.sana.sy\/tr\/wp-content\/uploads\/2025\/03\/shebane-13-300x169.jpg 300w\" sizes=\"auto, (max-width: 750px) 100vw, 750px\" \/><\/a>\n\t\t\t<\/div><\/figure><figure class='gallery-item'>\n\t\t\t<div class='gallery-icon landscape'>\n\t\t\t\t<a href='https:\/\/archive.sana.sy\/tr\/wp-content\/uploads\/2025\/03\/shebane-14.jpg'><img loading=\"lazy\" decoding=\"async\" width=\"750\" height=\"422\" src=\"https:\/\/archive.sana.sy\/tr\/wp-content\/uploads\/2025\/03\/shebane-14.jpg\" class=\"attachment-full size-full\" alt=\"\" srcset=\"https:\/\/archive.sana.sy\/tr\/wp-content\/uploads\/2025\/03\/shebane-14.jpg 750w, https:\/\/archive.sana.sy\/tr\/wp-content\/uploads\/2025\/03\/shebane-14-300x169.jpg 300w\" sizes=\"auto, (max-width: 750px) 100vw, 750px\" \/><\/a>\n\t\t\t<\/div><\/figure>\n\t\t<\/div>\n\n","protected":false},"excerpt":{"rendered":"<p>LAHEY (SANA) &#8211; \u00a0D\u0131\u015fi\u015fleri Bakan\u0131 Asaad El \u015eeybani, Hollanda&#8217;n\u0131n Lahey kentinde Kimyasal Silahlar\u0131n Yasaklanmas\u0131 \u00d6rg\u00fct\u00fc&#8217;n\u00fcn Y\u00fcr\u00fctme Kurulu toplant\u0131s\u0131nda konu\u015fma yapt\u0131. Bakan El \u015eeybani ayr\u0131ca Hollandal\u0131 mevkida\u015f\u0131 Caspar Veldkamp ile bir araya geldi. Bakan El \u015eeybani ayr\u0131ca Hollanda&#8217;daki Uluslararas\u0131 Ceza Mahkemesi Ba\u015fkan\u0131 Kerim Ahmed Han ile de bir araya geldi. Bu ba\u011flamda, D\u0131\u015fi\u015fleri Bakan\u0131, Kimyasal Silahlar\u0131n &hellip;<\/p>\n","protected":false},"author":41,"featured_media":316517,"comment_status":"closed","ping_status":"closed","sticky":false,"template":"","format":"standard","meta":{"footnotes":""},"categories":[458,589,459],"tags":[],"class_list":["post-316516","post","type-post","status-publish","format-standard","has-post-thumbnail","","category-dunya1","category-haber-seridi","category-haberler-arap-uluslararasi-politika"],"_links":{"self":[{"href":"https:\/\/archive.sana.sy\/tr\/index.php?rest_route=\/wp\/v2\/posts\/316516","targetHints":{"allow":["GET"]}}],"collection":[{"href":"https:\/\/archive.sana.sy\/tr\/index.php?rest_route=\/wp\/v2\/posts"}],"about":[{"href":"https:\/\/archive.sana.sy\/tr\/index.php?rest_route=\/wp\/v2\/types\/post"}],"author":[{"embeddable":true,"href":"https:\/\/archive.sana.sy\/tr\/index.php?rest_route=\/wp\/v2\/users\/41"}],"replies":[{"embeddable":true,"href":"https:\/\/archive.sana.sy\/tr\/index.php?rest_route=%2Fwp%2Fv2%2Fcomments&post=316516"}],"version-history":[{"count":2,"href":"https:\/\/archive.sana.sy\/tr\/index.php?rest_route=\/wp\/v2\/posts\/316516\/revisions"}],"predecessor-version":[{"id":316555,"href":"https:\/\/archive.sana.sy\/tr\/index.php?rest_route=\/wp\/v2\/posts\/316516\/revisions\/316555"}],"wp:featuredmedia":[{"embeddable":true,"href":"https:\/\/archive.sana.sy\/tr\/index.php?rest_route=\/wp\/v2\/media\/316517"}],"wp:attachment":[{"href":"https:\/\/archive.sana.sy\/tr\/index.php?rest_route=%2Fwp%2Fv2%2Fmedia&parent=316516"}],"wp:term":[{"taxonomy":"category","embeddable":true,"href":"https:\/\/archive.sana.sy\/tr\/index.php?rest_route=%2Fwp%2Fv2%2Fcategories&post=316516"},{"taxonomy":"post_tag","embeddable":true,"href":"https:\/\/archive.sana.sy\/tr\/index.php?rest_route=%2Fwp%2Fv2%2Ftags&post=316516"}],"curies":[{"name":"wp","href":"https:\/\/api.w.org\/{rel}","templated":true}]}}