{"id":316542,"date":"2025-03-06T16:58:32","date_gmt":"2025-03-06T13:58:32","guid":{"rendered":"https:\/\/sana.sy\/tr\/?p=316542"},"modified":"2025-03-08T09:56:59","modified_gmt":"2025-03-08T06:56:59","slug":"suriye-disisleri-bakani-laheydeki-diplomatik-faaliyet-ve-temaslarini-ozetledi","status":"publish","type":"post","link":"https:\/\/archive.sana.sy\/tr\/?p=316542","title":{"rendered":"Bakan El \u015eeybani Lahey&#8217;deki Diplomatik Faaliyet Ve Temaslar\u0131n\u0131 \u00d6zetledi"},"content":{"rendered":"<p style=\"text-align: justify;\"><span style=\"color: #800000;\"><strong>LAHEY (SANA)<\/strong> <\/span>\u2013 D\u0131\u015fi\u015fleri Bakan\u0131 Asaad El \u015eeybani, bug\u00fcn Lahey\u2019e yapt\u0131\u011f\u0131 24 saatlik ziyarette diplomatik faaliyetlerini ve temaslar\u0131n\u0131 duyurdu.<\/p>\n<p style=\"text-align: justify;\">D\u0131\u015fi\u015fleri Bakan\u0131 Say\u0131n Asaad El \u015eeybani X arac\u0131l\u0131\u011f\u0131yla payla\u015ft\u0131\u011f\u0131 tweetlerde \u015fu s\u00f6yledi: \u2018\u2019Hollanda&#8217;da 24 saat ge\u00e7irdik, \u00e7abalar\u0131m\u0131z \u015fehitlerimiz, tutuklular\u0131m\u0131z, zorla yerlerinden edilenler ve Esad rejiminin on y\u0131llard\u0131r i\u015fledi\u011fi insanl\u0131\u011fa kar\u015f\u0131 su\u00e7lardan \u015fikayet\u00e7i olan herkes i\u00e7in adalet aray\u0131\u015f\u0131d\u0131r.\u2019\u2019<\/p>\n<p style=\"text-align: justify;\">Bakan El \u015eeybani tweetlerinde, \u2018\u2019Suriye, tarihinde ilk kez D\u0131\u015fi\u015fleri Bakan\u0131 arac\u0131l\u0131\u011f\u0131yla KSY\u00d6 Y\u00fcr\u00fctme Kurulu&#8217;na hitap ettik ve Esad rejiminden miras ald\u0131\u011f\u0131m\u0131z ve 14 y\u0131ld\u0131r ac\u0131s\u0131n\u0131 \u00e7ekti\u011fimiz bu krizin \u00e7\u00f6z\u00fcm\u00fc konusundaki kararl\u0131l\u0131\u011f\u0131m\u0131z\u0131 bir kez daha vurgulad\u0131k. Bu su\u00e7lar\u0131n tekrarlanmamas\u0131n\u0131 ve Esad&#8217;\u0131n kimyasal katliamlar\u0131n\u0131n kurbanlar\u0131 i\u00e7in adaletin yerini bulmas\u0131n\u0131 sa\u011flamak bizim g\u00f6revimizdir\u2019\u2019 dedi.<\/p>\n<p style=\"text-align: justify;\">D\u0131\u015fi\u015fleri Bakan\u0131 ayr\u0131ca, \u2018\u2019Uluslararas\u0131 Ceza Mahkemesi Savc\u0131s\u0131 Kerim Han&#8217;la yapt\u0131\u011f\u0131m g\u00f6r\u00fc\u015fme, ge\u00e7i\u015f adaletine giden yolumuzu g\u00fc\u00e7lendirdi. 14 y\u0131ld\u0131r ve hatta daha \u00f6ncesinde bile d\u00fcnya, tarifsiz su\u00e7lara maruz kalan Suriye halk\u0131na adalet sa\u011flamada ba\u015far\u0131s\u0131z oldu. Ancak bug\u00fcn Suriye \u00f6nc\u00fcl\u00fc\u011f\u00fcndeki adalet s\u00fcreciyle uluslararas\u0131 toplumla birlikte su\u00e7lular\u0131n hesap vermesini ve adaletin yerini bulmas\u0131n\u0131 sa\u011flamak i\u00e7in ilerliyoruz\u2019\u2019 ifadelerini kulland\u0131.<\/p>\n<p style=\"text-align: justify;\">\u00a0\u2018\u2019Ayr\u0131ca, Suriye&#8217;de zorla kaybedilenlerin bulunmas\u0131 ve kay\u0131plar\u0131n ak\u0131betinin ortaya \u00e7\u0131kar\u0131lmas\u0131 konusunda i\u015fbirli\u011fini art\u0131rmak amac\u0131yla Uluslararas\u0131 Kay\u0131p \u015eah\u0131slar Komisyonu Genel Direkt\u00f6r\u00fc Kathrin Bomberger ile bir araya geldik. Neredeyse her Suriyeli ailenin geride b\u0131rakt\u0131\u011f\u0131 ac\u0131 bir yarad\u0131r. Her kay\u0131p ki\u015fi bulunana veya her aile ger\u00e7e\u011fi \u00f6\u011frenme ve huzur i\u00e7inde yas tutma hakk\u0131n\u0131 elde edene kadar dinlenmeyece\u011fiz\u2019\u2019 a\u00e7\u0131klamada bulunan El \u015eeybani \u015f\u00f6yle devam etti: \u2018\u2019Suriye-Hollanda ili\u015fkilerinde, iki \u00fclkemizin, halklar\u0131m\u0131z\u0131n ve Hollanda&#8217;daki Suriye toplumunun yarar\u0131na olacak \u015fekilde yeni bir sayfa a\u00e7mak amac\u0131yla Hollanda D\u0131\u015fi\u015fleri Bakan\u0131 Caspar Veldkamp ile g\u00f6r\u00fc\u015ft\u00fcm.\u2019\u2019<\/p>\n<p style=\"text-align: justify;\">Bakan El \u015eeybani att\u0131\u011f\u0131 tweetler\u0131 \u015fu ifadalerle tamamlad\u0131: \u2018\u2019G\u00fcn sonunda Kimyasal Silahlar\u0131n Yasaklanmas\u0131 \u00d6rg\u00fct\u00fc Genel Direkt\u00f6r\u00fc&#8217;n\u00fcn himayesinde, aralar\u0131nda ABD, \u0130ngiltere, Almanya, Fransa, Kanada, Hollanda, Ekvador, \u0130spanya, Polonya, Bosna Hersek, T\u00fcrkiye ve Katar&#8217;\u0131n da bulundu\u011fu \u00e7ok say\u0131da b\u00fcy\u00fckel\u00e7inin kat\u0131ld\u0131\u011f\u0131 \u00f6zel bir g\u00f6r\u00fc\u015fme ger\u00e7ekle\u015ftirildi. Daha sonra Katar B\u00fcy\u00fckel\u00e7isi&#8217;nin ev sahipli\u011finde \u00dcrd\u00fcn, Suudi Arabistan, Yemen, Filistin, Umman Sultanl\u0131\u011f\u0131, Cezayir ve Fas&#8217;\u0131n da aralar\u0131nda bulundu\u011fu \u00e7ok say\u0131da Arap b\u00fcy\u00fckel\u00e7iyle bir araya geldik. Bu iki g\u00f6r\u00fc\u015fmede ge\u00e7i\u015f adaleti, Suriye&#8217;nin bu alanda ilerlemesini destekleme yollar\u0131 ve ikili ili\u015fkilerin g\u00fc\u00e7lendirilmesi konular\u0131n\u0131 ele ald\u0131k.\u2019\u2019<\/p>\n<div id='gallery-1' class='gallery galleryid-316542 gallery-columns-1 gallery-size-full'><figure class='gallery-item'>\n\t\t\t<div class='gallery-icon landscape'>\n\t\t\t\t<a href='https:\/\/archive.sana.sy\/tr\/?attachment_id=316551'><img loading=\"lazy\" decoding=\"async\" width=\"660\" height=\"370\" src=\"https:\/\/archive.sana.sy\/tr\/wp-content\/uploads\/2025\/03\/0-13-1.jpg\" class=\"attachment-full size-full\" alt=\"\" srcset=\"https:\/\/archive.sana.sy\/tr\/wp-content\/uploads\/2025\/03\/0-13-1.jpg 660w, https:\/\/archive.sana.sy\/tr\/wp-content\/uploads\/2025\/03\/0-13-1-300x168.jpg 300w\" sizes=\"auto, (max-width: 660px) 100vw, 660px\" \/><\/a>\n\t\t\t<\/div><\/figure><figure class='gallery-item'>\n\t\t\t<div class='gallery-icon landscape'>\n\t\t\t\t<a href='https:\/\/archive.sana.sy\/tr\/?attachment_id=316544'><img loading=\"lazy\" decoding=\"async\" width=\"750\" height=\"422\" src=\"https:\/\/archive.sana.sy\/tr\/wp-content\/uploads\/2025\/03\/shebane-14-1.jpg\" class=\"attachment-full size-full\" alt=\"\" srcset=\"https:\/\/archive.sana.sy\/tr\/wp-content\/uploads\/2025\/03\/shebane-14-1.jpg 750w, https:\/\/archive.sana.sy\/tr\/wp-content\/uploads\/2025\/03\/shebane-14-1-300x169.jpg 300w\" sizes=\"auto, (max-width: 750px) 100vw, 750px\" \/><\/a>\n\t\t\t<\/div><\/figure><figure class='gallery-item'>\n\t\t\t<div class='gallery-icon landscape'>\n\t\t\t\t<a href='https:\/\/archive.sana.sy\/tr\/?attachment_id=316545'><img loading=\"lazy\" decoding=\"async\" width=\"750\" height=\"422\" src=\"https:\/\/archive.sana.sy\/tr\/wp-content\/uploads\/2025\/03\/agha-khan-11-1.jpg\" class=\"attachment-full size-full\" alt=\"\" srcset=\"https:\/\/archive.sana.sy\/tr\/wp-content\/uploads\/2025\/03\/agha-khan-11-1.jpg 750w, https:\/\/archive.sana.sy\/tr\/wp-content\/uploads\/2025\/03\/agha-khan-11-1-300x169.jpg 300w\" sizes=\"auto, (max-width: 750px) 100vw, 750px\" \/><\/a>\n\t\t\t<\/div><\/figure><figure class='gallery-item'>\n\t\t\t<div class='gallery-icon landscape'>\n\t\t\t\t<a href='https:\/\/archive.sana.sy\/tr\/?attachment_id=316546'><img loading=\"lazy\" decoding=\"async\" width=\"750\" height=\"421\" src=\"https:\/\/archive.sana.sy\/tr\/wp-content\/uploads\/2025\/03\/agha-khan-12-1.jpg\" class=\"attachment-full size-full\" alt=\"\" srcset=\"https:\/\/archive.sana.sy\/tr\/wp-content\/uploads\/2025\/03\/agha-khan-12-1.jpg 750w, https:\/\/archive.sana.sy\/tr\/wp-content\/uploads\/2025\/03\/agha-khan-12-1-300x168.jpg 300w\" sizes=\"auto, (max-width: 750px) 100vw, 750px\" \/><\/a>\n\t\t\t<\/div><\/figure><figure class='gallery-item'>\n\t\t\t<div class='gallery-icon landscape'>\n\t\t\t\t<a href='https:\/\/archive.sana.sy\/tr\/?attachment_id=316547'><img loading=\"lazy\" decoding=\"async\" width=\"750\" height=\"422\" src=\"https:\/\/archive.sana.sy\/tr\/wp-content\/uploads\/2025\/03\/agha-khan-13-1.jpg\" class=\"attachment-full size-full\" alt=\"\" srcset=\"https:\/\/archive.sana.sy\/tr\/wp-content\/uploads\/2025\/03\/agha-khan-13-1.jpg 750w, https:\/\/archive.sana.sy\/tr\/wp-content\/uploads\/2025\/03\/agha-khan-13-1-300x169.jpg 300w\" sizes=\"auto, (max-width: 750px) 100vw, 750px\" \/><\/a>\n\t\t\t<\/div><\/figure><figure class='gallery-item'>\n\t\t\t<div class='gallery-icon landscape'>\n\t\t\t\t<a href='https:\/\/archive.sana.sy\/tr\/?attachment_id=316549'><img loading=\"lazy\" decoding=\"async\" width=\"750\" height=\"422\" src=\"https:\/\/archive.sana.sy\/tr\/wp-content\/uploads\/2025\/03\/shebane12-1.jpg\" class=\"attachment-full size-full\" alt=\"\" srcset=\"https:\/\/archive.sana.sy\/tr\/wp-content\/uploads\/2025\/03\/shebane12-1.jpg 750w, https:\/\/archive.sana.sy\/tr\/wp-content\/uploads\/2025\/03\/shebane12-1-300x169.jpg 300w\" sizes=\"auto, (max-width: 750px) 100vw, 750px\" \/><\/a>\n\t\t\t<\/div><\/figure><figure class='gallery-item'>\n\t\t\t<div class='gallery-icon landscape'>\n\t\t\t\t<a href='https:\/\/archive.sana.sy\/tr\/?attachment_id=316550'><img loading=\"lazy\" decoding=\"async\" width=\"750\" height=\"422\" src=\"https:\/\/archive.sana.sy\/tr\/wp-content\/uploads\/2025\/03\/shebane-13-1.jpg\" class=\"attachment-full size-full\" alt=\"\" srcset=\"https:\/\/archive.sana.sy\/tr\/wp-content\/uploads\/2025\/03\/shebane-13-1.jpg 750w, https:\/\/archive.sana.sy\/tr\/wp-content\/uploads\/2025\/03\/shebane-13-1-300x169.jpg 300w\" sizes=\"auto, (max-width: 750px) 100vw, 750px\" \/><\/a>\n\t\t\t<\/div><\/figure><figure class='gallery-item'>\n\t\t\t<div class='gallery-icon landscape'>\n\t\t\t\t<a href='https:\/\/archive.sana.sy\/tr\/?attachment_id=316548'><img loading=\"lazy\" decoding=\"async\" width=\"750\" height=\"422\" src=\"https:\/\/archive.sana.sy\/tr\/wp-content\/uploads\/2025\/03\/shebane-10-1.jpg\" class=\"attachment-full size-full\" alt=\"\" srcset=\"https:\/\/archive.sana.sy\/tr\/wp-content\/uploads\/2025\/03\/shebane-10-1.jpg 750w, https:\/\/archive.sana.sy\/tr\/wp-content\/uploads\/2025\/03\/shebane-10-1-300x169.jpg 300w\" sizes=\"auto, (max-width: 750px) 100vw, 750px\" \/><\/a>\n\t\t\t<\/div><\/figure>\n\t\t<\/div>\n\n<p style=\"text-align: center;\"><strong><a href=\"https:\/\/t.me\/SuriyeArapHaberAjansI\">Telegram Kanal\u0131m\u0131z\u00a0<\/a><span style=\"color: #ff0000;\">||<\/span><a href=\"https:\/\/twitter.com\/arap_ajans\">X Platformumuz\u00a0<\/a><span style=\"color: #ff0000;\">||<\/span><a href=\"https:\/\/www.instagram.com\/sanaajansi\/\">Facebook Sayfam\u0131z<span style=\"color: #ff0000;\">||<span style=\"color: #0000ff;\">\u0130nstagram Hesab\u0131m\u0131z<\/span><\/span><\/a><\/strong><\/p>\n","protected":false},"excerpt":{"rendered":"<p>LAHEY (SANA) \u2013 D\u0131\u015fi\u015fleri Bakan\u0131 Asaad El \u015eeybani, bug\u00fcn Lahey\u2019e yapt\u0131\u011f\u0131 24 saatlik ziyarette diplomatik faaliyetlerini ve temaslar\u0131n\u0131 duyurdu. D\u0131\u015fi\u015fleri Bakan\u0131 Say\u0131n Asaad El \u015eeybani X arac\u0131l\u0131\u011f\u0131yla payla\u015ft\u0131\u011f\u0131 tweetlerde \u015fu s\u00f6yledi: \u2018\u2019Hollanda&#8217;da 24 saat ge\u00e7irdik, \u00e7abalar\u0131m\u0131z \u015fehitlerimiz, tutuklular\u0131m\u0131z, zorla yerlerinden edilenler ve Esad rejiminin on y\u0131llard\u0131r i\u015fledi\u011fi insanl\u0131\u011fa kar\u015f\u0131 su\u00e7lardan \u015fikayet\u00e7i olan herkes i\u00e7in adalet &hellip;<\/p>\n","protected":false},"author":41,"featured_media":316543,"comment_status":"closed","ping_status":"closed","sticky":false,"template":"","format":"standard","meta":{"footnotes":""},"categories":[458,589,459],"tags":[43471],"class_list":["post-316542","post","type-post","status-publish","format-standard","has-post-thumbnail","","category-dunya1","category-haber-seridi","category-haberler-arap-uluslararasi-politika","tag-suriye-disisleri-bakani-laheydeki-diplomatik-faaliyet-ve-temaslarini-ozetledi"],"_links":{"self":[{"href":"https:\/\/archive.sana.sy\/tr\/index.php?rest_route=\/wp\/v2\/posts\/316542","targetHints":{"allow":["GET"]}}],"collection":[{"href":"https:\/\/archive.sana.sy\/tr\/index.php?rest_route=\/wp\/v2\/posts"}],"about":[{"href":"https:\/\/archive.sana.sy\/tr\/index.php?rest_route=\/wp\/v2\/types\/post"}],"author":[{"embeddable":true,"href":"https:\/\/archive.sana.sy\/tr\/index.php?rest_route=\/wp\/v2\/users\/41"}],"replies":[{"embeddable":true,"href":"https:\/\/archive.sana.sy\/tr\/index.php?rest_route=%2Fwp%2Fv2%2Fcomments&post=316542"}],"version-history":[{"count":5,"href":"https:\/\/archive.sana.sy\/tr\/index.php?rest_route=\/wp\/v2\/posts\/316542\/revisions"}],"predecessor-version":[{"id":316566,"href":"https:\/\/archive.sana.sy\/tr\/index.php?rest_route=\/wp\/v2\/posts\/316542\/revisions\/316566"}],"wp:featuredmedia":[{"embeddable":true,"href":"https:\/\/archive.sana.sy\/tr\/index.php?rest_route=\/wp\/v2\/media\/316543"}],"wp:attachment":[{"href":"https:\/\/archive.sana.sy\/tr\/index.php?rest_route=%2Fwp%2Fv2%2Fmedia&parent=316542"}],"wp:term":[{"taxonomy":"category","embeddable":true,"href":"https:\/\/archive.sana.sy\/tr\/index.php?rest_route=%2Fwp%2Fv2%2Fcategories&post=316542"},{"taxonomy":"post_tag","embeddable":true,"href":"https:\/\/archive.sana.sy\/tr\/index.php?rest_route=%2Fwp%2Fv2%2Ftags&post=316542"}],"curies":[{"name":"wp","href":"https:\/\/api.w.org\/{rel}","templated":true}]}}