{"id":316557,"date":"2025-03-06T17:12:34","date_gmt":"2025-03-06T14:12:34","guid":{"rendered":"https:\/\/sana.sy\/tr\/?p=316557"},"modified":"2025-03-06T17:12:34","modified_gmt":"2025-03-06T14:12:34","slug":"guney-afrika-israilin-suriye-topraklarina-yonelik-saldirganliklari-egemenligini-ihlal-ediyor","status":"publish","type":"post","link":"https:\/\/archive.sana.sy\/tr\/?p=316557","title":{"rendered":"G\u00fcney Afrika: \u0130srail&#8217;in Suriye Topraklar\u0131na Y\u00f6nelik Sald\u0131rganl\u0131klar\u0131 Egemenli\u011fini \u0130hlal Ediyor"},"content":{"rendered":"<p style=\"text-align: justify;\"><span style=\"color: #800000;\"><strong>JOHANNESBURG (SANA)<\/strong> <\/span>&#8211; \u00a0G\u00fcney Afrika Cumhuriyeti, \u0130srail&#8217;in Suriye topraklar\u0131na y\u00f6nelik sald\u0131rganl\u0131klar\u0131n\u0131n Suriye&#8217;nin egemenli\u011fine y\u00f6nelik a\u00e7\u0131k bir ihlal te\u015fkil etti\u011fini vurgulad\u0131.<\/p>\n<p style=\"text-align: justify;\">G\u00fcney Afrika D\u0131\u015fi\u015fleri Bakanl\u0131\u011f\u0131, d\u00fcn internet sitesinde yay\u0131mlad\u0131\u011f\u0131 a\u00e7\u0131klamada, \u0130srail&#8217;in \u00f6zellikle \u015eam&#8217;\u0131n g\u00fcneyindeki kasabalarda ve g\u00fcneydeki Dera ilinde Suriye&#8217;nin egemenli\u011fini, birli\u011fini ve toprak b\u00fct\u00fcnl\u00fc\u011f\u00fcn\u00fc ihlal etmeye devam etmesinden duydu\u011fu derin endi\u015feyi dile getirdi.<\/p>\n<p style=\"text-align: justify;\">G\u00fcney Afrika D\u0131\u015fi\u015fleri Bakanl\u0131\u011f\u0131, yapt\u0131\u011f\u0131 a\u00e7\u0131klamada, &#8220;\u0130srail&#8221;in bu konuda yapt\u0131\u011f\u0131 a\u00e7\u0131klamalar\u0131n da Suriye&#8217;nin egemenli\u011finin ihlali anlam\u0131na geldi\u011fini belirtti.<\/p>\n<p style=\"text-align: center;\"><strong><a href=\"https:\/\/t.me\/SuriyeArapHaberAjansI\">Telegram Kanal\u0131m\u0131z\u00a0<\/a>||<a href=\"https:\/\/twitter.com\/arap_ajans\">X Platformumuz\u00a0<\/a>||<a href=\"https:\/\/www.instagram.com\/sanaajansi\/\">Facebook Sayfam\u0131z||\u0130nstagram Hesab\u0131m\u0131z<\/a><\/strong><\/p>\n","protected":false},"excerpt":{"rendered":"<p>JOHANNESBURG (SANA) &#8211; \u00a0G\u00fcney Afrika Cumhuriyeti, \u0130srail&#8217;in Suriye topraklar\u0131na y\u00f6nelik sald\u0131rganl\u0131klar\u0131n\u0131n Suriye&#8217;nin egemenli\u011fine y\u00f6nelik a\u00e7\u0131k bir ihlal te\u015fkil etti\u011fini vurgulad\u0131. G\u00fcney Afrika D\u0131\u015fi\u015fleri Bakanl\u0131\u011f\u0131, d\u00fcn internet sitesinde yay\u0131mlad\u0131\u011f\u0131 a\u00e7\u0131klamada, \u0130srail&#8217;in \u00f6zellikle \u015eam&#8217;\u0131n g\u00fcneyindeki kasabalarda ve g\u00fcneydeki Dera ilinde Suriye&#8217;nin egemenli\u011fini, birli\u011fini ve toprak b\u00fct\u00fcnl\u00fc\u011f\u00fcn\u00fc ihlal etmeye devam etmesinden duydu\u011fu derin endi\u015feyi dile getirdi. G\u00fcney Afrika &hellip;<\/p>\n","protected":false},"author":41,"featured_media":316558,"comment_status":"closed","ping_status":"closed","sticky":false,"template":"","format":"standard","meta":{"footnotes":""},"categories":[458,589,459,17988],"tags":[43472],"class_list":["post-316557","post","type-post","status-publish","format-standard","has-post-thumbnail","","category-dunya1","category-haber-seridi","category-haberler-arap-uluslararasi-politika","category-son-haberler","tag-guney-afrika-israilin-suriye-topraklarina-yonelik-saldirganliklari-egemenligini-ihlal-ediyor"],"_links":{"self":[{"href":"https:\/\/archive.sana.sy\/tr\/index.php?rest_route=\/wp\/v2\/posts\/316557","targetHints":{"allow":["GET"]}}],"collection":[{"href":"https:\/\/archive.sana.sy\/tr\/index.php?rest_route=\/wp\/v2\/posts"}],"about":[{"href":"https:\/\/archive.sana.sy\/tr\/index.php?rest_route=\/wp\/v2\/types\/post"}],"author":[{"embeddable":true,"href":"https:\/\/archive.sana.sy\/tr\/index.php?rest_route=\/wp\/v2\/users\/41"}],"replies":[{"embeddable":true,"href":"https:\/\/archive.sana.sy\/tr\/index.php?rest_route=%2Fwp%2Fv2%2Fcomments&post=316557"}],"version-history":[{"count":1,"href":"https:\/\/archive.sana.sy\/tr\/index.php?rest_route=\/wp\/v2\/posts\/316557\/revisions"}],"predecessor-version":[{"id":316559,"href":"https:\/\/archive.sana.sy\/tr\/index.php?rest_route=\/wp\/v2\/posts\/316557\/revisions\/316559"}],"wp:featuredmedia":[{"embeddable":true,"href":"https:\/\/archive.sana.sy\/tr\/index.php?rest_route=\/wp\/v2\/media\/316558"}],"wp:attachment":[{"href":"https:\/\/archive.sana.sy\/tr\/index.php?rest_route=%2Fwp%2Fv2%2Fmedia&parent=316557"}],"wp:term":[{"taxonomy":"category","embeddable":true,"href":"https:\/\/archive.sana.sy\/tr\/index.php?rest_route=%2Fwp%2Fv2%2Fcategories&post=316557"},{"taxonomy":"post_tag","embeddable":true,"href":"https:\/\/archive.sana.sy\/tr\/index.php?rest_route=%2Fwp%2Fv2%2Ftags&post=316557"}],"curies":[{"name":"wp","href":"https:\/\/api.w.org\/{rel}","templated":true}]}}