{"id":316563,"date":"2025-03-06T17:36:29","date_gmt":"2025-03-06T14:36:29","guid":{"rendered":"https:\/\/sana.sy\/tr\/?p=316563"},"modified":"2025-03-06T17:43:26","modified_gmt":"2025-03-06T14:43:26","slug":"bm-yetkilisi-suriyenin-yeniden-insaya-acil-ihtiyaci-vardir","status":"publish","type":"post","link":"https:\/\/archive.sana.sy\/tr\/?p=316563","title":{"rendered":"BM Yetkilisi &#8230; Suriye&#8217;nin Yeniden \u0130n\u015faya Acil \u0130htiyac\u0131 Vard\u0131r"},"content":{"rendered":"<p style=\"text-align: justify;\"><span style=\"color: #800000;\"><strong>NEW YORK (SANA)<\/strong> <\/span>&#8211; \u00a0Birle\u015fmi\u015f Milletler \u0130nsan Haklar\u0131 Y\u00fcksek Komiserli\u011fi Ortado\u011fu ve Kuzey Afrika B\u00f6l\u00fcm Ba\u015fkan\u0131 Muhammed El Nusur, Suriye&#8217;nin yeniden yap\u0131lanmaya acil ihtiya\u00e7 duydu\u011funu belirterek, Bat\u0131&#8217;n\u0131n yapt\u0131r\u0131mlar\u0131n\u0131n Suriye halk\u0131n\u0131 olumsuz etkiledi\u011fini s\u00f6yledi.<\/p>\n<p style=\"text-align: justify;\">Emirlik internet sitesi \u201cAkhbar Al Aan\u201da verdi\u011fi r\u00f6portajda El Nusur \u015funlar\u0131 s\u00f6yledi: &#8220;Baz\u0131 yapt\u0131r\u0131mlar\u0131n yak\u0131n zamanda ask\u0131ya al\u0131nmas\u0131n\u0131 memnuniyetle kar\u015f\u0131l\u0131yoruz, ancak bunun ge\u00e7i\u015f adaletiyle el ele gitmesi gerekiyor. Yeniden yap\u0131lanma, hesap verebilirlik ve ma\u011fdurlar i\u00e7in adalet pahas\u0131na olamaz.&#8221;<\/p>\n<p style=\"text-align: justify;\">El Nusur ayr\u0131ca, \u2018\u2019Birle\u015fmi\u015f Milletler&#8217;in 2011&#8217;den bu yana Suriye&#8217;de faaliyet g\u00f6stermesi yasaklanm\u0131\u015f olup, insan haklar\u0131 konular\u0131nda \u00e7al\u0131\u015fmalar\u0131n\u0131 \u00fclke d\u0131\u015f\u0131ndan y\u00fcr\u00fctmek zorunda kalm\u0131\u015ft\u0131r. \u015eu anda \u015eam&#8217;da, insan haklar\u0131 temelleri \u00fczerine kurumlar\u0131n yeniden in\u015fas\u0131 gibi bir\u00e7ok dosya \u00fczerinde Suriye makamlar\u0131yla birlikte \u00e7al\u0131\u015fan bir BM ekibi bulunuyor.\u2019\u2019 ifadelerini s\u00f6zlerine ekledi.<\/p>\n<p style=\"text-align: justify;\">Suriyeli m\u00fclteciler konusuna ili\u015fkin El Nusur, Birle\u015fmi\u015f Milletler&#8217;in konuyu takip etti\u011fini, kom\u015fu \u00fclkelerden m\u00fcltecilerin geri d\u00f6n\u00fc\u015f\u00fcn\u00fcn s\u00fcrd\u00fc\u011f\u00fcn\u00fc kaydederken, en b\u00fcy\u00fck zorlu\u011fun, temel hizmetlerin eksikli\u011fi nedeniyle Suriye h\u00fck\u00fcmetinin geri d\u00f6nenlere yer sa\u011flama becerisinde yatt\u0131\u011f\u0131n\u0131 belirtti.<\/p>\n<p style=\"text-align: center;\"><strong><a href=\"https:\/\/t.me\/SuriyeArapHaberAjansI\">Telegram Kanal\u0131m\u0131z\u00a0<\/a>||<a href=\"https:\/\/twitter.com\/arap_ajans\">X Platformumuz\u00a0<\/a>||<a href=\"https:\/\/www.instagram.com\/sanaajansi\/\">Facebook Sayfam\u0131z||\u0130nstagram Hesab\u0131m\u0131z<\/a><\/strong><\/p>\n","protected":false},"excerpt":{"rendered":"<p>NEW YORK (SANA) &#8211; \u00a0Birle\u015fmi\u015f Milletler \u0130nsan Haklar\u0131 Y\u00fcksek Komiserli\u011fi Ortado\u011fu ve Kuzey Afrika B\u00f6l\u00fcm Ba\u015fkan\u0131 Muhammed El Nusur, Suriye&#8217;nin yeniden yap\u0131lanmaya acil ihtiya\u00e7 duydu\u011funu belirterek, Bat\u0131&#8217;n\u0131n yapt\u0131r\u0131mlar\u0131n\u0131n Suriye halk\u0131n\u0131 olumsuz etkiledi\u011fini s\u00f6yledi. Emirlik internet sitesi \u201cAkhbar Al Aan\u201da verdi\u011fi r\u00f6portajda El Nusur \u015funlar\u0131 s\u00f6yledi: &#8220;Baz\u0131 yapt\u0131r\u0131mlar\u0131n yak\u0131n zamanda ask\u0131ya al\u0131nmas\u0131n\u0131 memnuniyetle kar\u015f\u0131l\u0131yoruz, ancak bunun &hellip;<\/p>\n","protected":false},"author":41,"featured_media":316564,"comment_status":"closed","ping_status":"closed","sticky":false,"template":"","format":"standard","meta":{"footnotes":""},"categories":[458,589,459,17988],"tags":[43474],"class_list":["post-316563","post","type-post","status-publish","format-standard","has-post-thumbnail","","category-dunya1","category-haber-seridi","category-haberler-arap-uluslararasi-politika","category-son-haberler","tag-bm-yetkilisi-suriyenin-yeniden-insaya-acil-ihtiyaci-vardir"],"_links":{"self":[{"href":"https:\/\/archive.sana.sy\/tr\/index.php?rest_route=\/wp\/v2\/posts\/316563","targetHints":{"allow":["GET"]}}],"collection":[{"href":"https:\/\/archive.sana.sy\/tr\/index.php?rest_route=\/wp\/v2\/posts"}],"about":[{"href":"https:\/\/archive.sana.sy\/tr\/index.php?rest_route=\/wp\/v2\/types\/post"}],"author":[{"embeddable":true,"href":"https:\/\/archive.sana.sy\/tr\/index.php?rest_route=\/wp\/v2\/users\/41"}],"replies":[{"embeddable":true,"href":"https:\/\/archive.sana.sy\/tr\/index.php?rest_route=%2Fwp%2Fv2%2Fcomments&post=316563"}],"version-history":[{"count":1,"href":"https:\/\/archive.sana.sy\/tr\/index.php?rest_route=\/wp\/v2\/posts\/316563\/revisions"}],"predecessor-version":[{"id":316565,"href":"https:\/\/archive.sana.sy\/tr\/index.php?rest_route=\/wp\/v2\/posts\/316563\/revisions\/316565"}],"wp:featuredmedia":[{"embeddable":true,"href":"https:\/\/archive.sana.sy\/tr\/index.php?rest_route=\/wp\/v2\/media\/316564"}],"wp:attachment":[{"href":"https:\/\/archive.sana.sy\/tr\/index.php?rest_route=%2Fwp%2Fv2%2Fmedia&parent=316563"}],"wp:term":[{"taxonomy":"category","embeddable":true,"href":"https:\/\/archive.sana.sy\/tr\/index.php?rest_route=%2Fwp%2Fv2%2Fcategories&post=316563"},{"taxonomy":"post_tag","embeddable":true,"href":"https:\/\/archive.sana.sy\/tr\/index.php?rest_route=%2Fwp%2Fv2%2Ftags&post=316563"}],"curies":[{"name":"wp","href":"https:\/\/api.w.org\/{rel}","templated":true}]}}