{"id":316629,"date":"2025-03-07T19:29:38","date_gmt":"2025-03-07T16:29:38","guid":{"rendered":"https:\/\/sana.sy\/tr\/?p=316629"},"modified":"2025-03-07T19:29:38","modified_gmt":"2025-03-07T16:29:38","slug":"savunma-bakanligindan-bir-kaynak-guclerimiz-devrik-rejimin-kalintilarinin-kardaha-civarinda-savascilarimiza-uyguladigi-kusatmayi-kirmayi-basardi","status":"publish","type":"post","link":"https:\/\/archive.sana.sy\/tr\/?p=316629","title":{"rendered":"Savunma Bakanl\u0131\u011f\u0131&#8217;ndan Bir Kaynak: G\u00fc\u00e7lerimiz, Devrik Rejimin Kal\u0131nt\u0131lar\u0131n\u0131n Kardaha Civar\u0131nda Sava\u015f\u00e7\u0131lar\u0131m\u0131za Uygulad\u0131\u011f\u0131 Ku\u015fatmay\u0131 K\u0131rmay\u0131 Ba\u015fard\u0131"},"content":{"rendered":"<p style=\"text-align: justify;\"><span style=\"color: #800000;\"><strong>\u015eAM (SANA) &#8211;<\/strong><\/span>\u00a0 Savunma Bakanl\u0131\u011f\u0131&#8217;ndaki bir kaynak \u015funlar\u0131 s\u00f6yledi: &#8221;G\u00fc\u00e7lerimiz, Kardaha kenti civar\u0131nda devrik rejim kal\u0131nt\u0131lar\u0131n\u0131n sava\u015f\u00e7\u0131lar\u0131m\u0131za uygulad\u0131\u011f\u0131 ku\u015fatmay\u0131, b\u00f6lgede ya\u015fanan \u015fiddetli \u00e7at\u0131\u015fmalar\u0131n ard\u0131ndan k\u0131rmay\u0131 ba\u015fard\u0131.&#8221;<\/p>\n<p style=\"text-align: justify;\">Kaynak ayr\u0131ca SANA&#8217;ya yapt\u0131\u011f\u0131 a\u00e7\u0131klamada \u015funlar\u0131 kaydetti: &#8221; Devrik rejimin kal\u0131nt\u0131lar\u0131, Kardaha kentinin binalar\u0131n\u0131 ve tepelerini kendilerine s\u0131\u011f\u0131nak olarak alm\u0131\u015f durumdalar ve oradan g\u00fc\u00e7lerimizi hedef al\u0131yorlar.&#8221;<\/p>\n<p style=\"text-align: justify;\">Kaynak \u015f\u00f6yle devam etti: &#8221;G\u00fc\u00e7lerimiz, Kardaha kentinde g\u00fc\u00e7lerimize ve halk\u0131m\u0131za ihanet eden devrik rejimin kal\u0131nt\u0131lar\u0131na kar\u015f\u0131 Kamu G\u00fcvenlik G\u00fc\u00e7lerimizle koordinasyon halinde hassas ve nitelikli operasyonlar ger\u00e7ekle\u015ftirecektir.&#8221;<\/p>\n","protected":false},"excerpt":{"rendered":"<p>\u015eAM (SANA) &#8211;\u00a0 Savunma Bakanl\u0131\u011f\u0131&#8217;ndaki bir kaynak \u015funlar\u0131 s\u00f6yledi: &#8221;G\u00fc\u00e7lerimiz, Kardaha kenti civar\u0131nda devrik rejim kal\u0131nt\u0131lar\u0131n\u0131n sava\u015f\u00e7\u0131lar\u0131m\u0131za uygulad\u0131\u011f\u0131 ku\u015fatmay\u0131, b\u00f6lgede ya\u015fanan \u015fiddetli \u00e7at\u0131\u015fmalar\u0131n ard\u0131ndan k\u0131rmay\u0131 ba\u015fard\u0131.&#8221; Kaynak ayr\u0131ca SANA&#8217;ya yapt\u0131\u011f\u0131 a\u00e7\u0131klamada \u015funlar\u0131 kaydetti: &#8221; Devrik rejimin kal\u0131nt\u0131lar\u0131, Kardaha kentinin binalar\u0131n\u0131 ve tepelerini kendilerine s\u0131\u011f\u0131nak olarak alm\u0131\u015f durumdalar ve oradan g\u00fc\u00e7lerimizi hedef al\u0131yorlar.&#8221; Kaynak \u015f\u00f6yle devam &hellip;<\/p>\n","protected":false},"author":41,"featured_media":316630,"comment_status":"closed","ping_status":"closed","sticky":false,"template":"","format":"standard","meta":{"footnotes":""},"categories":[589,479,17988,478],"tags":[43492,43491],"class_list":["post-316629","post","type-post","status-publish","format-standard","has-post-thumbnail","","category-haber-seridi","category-haberler-yerel","category-son-haberler","category-yerel","tag-devrik-rejimin-kalintilarinin-kardaha-civarinda-savascilarimiza-uyguladigi-kusatmayi-kirmayi-basardi","tag-savunma-bakanligindan-bir-kaynak-guclerimiz"],"_links":{"self":[{"href":"https:\/\/archive.sana.sy\/tr\/index.php?rest_route=\/wp\/v2\/posts\/316629","targetHints":{"allow":["GET"]}}],"collection":[{"href":"https:\/\/archive.sana.sy\/tr\/index.php?rest_route=\/wp\/v2\/posts"}],"about":[{"href":"https:\/\/archive.sana.sy\/tr\/index.php?rest_route=\/wp\/v2\/types\/post"}],"author":[{"embeddable":true,"href":"https:\/\/archive.sana.sy\/tr\/index.php?rest_route=\/wp\/v2\/users\/41"}],"replies":[{"embeddable":true,"href":"https:\/\/archive.sana.sy\/tr\/index.php?rest_route=%2Fwp%2Fv2%2Fcomments&post=316629"}],"version-history":[{"count":1,"href":"https:\/\/archive.sana.sy\/tr\/index.php?rest_route=\/wp\/v2\/posts\/316629\/revisions"}],"predecessor-version":[{"id":316631,"href":"https:\/\/archive.sana.sy\/tr\/index.php?rest_route=\/wp\/v2\/posts\/316629\/revisions\/316631"}],"wp:featuredmedia":[{"embeddable":true,"href":"https:\/\/archive.sana.sy\/tr\/index.php?rest_route=\/wp\/v2\/media\/316630"}],"wp:attachment":[{"href":"https:\/\/archive.sana.sy\/tr\/index.php?rest_route=%2Fwp%2Fv2%2Fmedia&parent=316629"}],"wp:term":[{"taxonomy":"category","embeddable":true,"href":"https:\/\/archive.sana.sy\/tr\/index.php?rest_route=%2Fwp%2Fv2%2Fcategories&post=316629"},{"taxonomy":"post_tag","embeddable":true,"href":"https:\/\/archive.sana.sy\/tr\/index.php?rest_route=%2Fwp%2Fv2%2Ftags&post=316629"}],"curies":[{"name":"wp","href":"https:\/\/api.w.org\/{rel}","templated":true}]}}