{"id":316675,"date":"2025-03-08T14:49:04","date_gmt":"2025-03-08T11:49:04","guid":{"rendered":"https:\/\/sana.sy\/tr\/?p=316675"},"modified":"2025-03-08T14:49:04","modified_gmt":"2025-03-08T11:49:04","slug":"kamu-guvenlik-gucleri-guvenligi-ihlalleri-ve-hirsizliklari-kontrol-etmek-icin-lazkiye-sehri-mahallelerine-konuslandirildi","status":"publish","type":"post","link":"https:\/\/archive.sana.sy\/tr\/?p=316675","title":{"rendered":"Kamu G\u00fcvenlik G\u00fc\u00e7leri, G\u00fcvenli\u011fi, \u0130hlalleri Ve H\u0131rs\u0131zl\u0131klar\u0131 Kontrol Etmek \u0130\u00e7in Lazkiye \u015eehri Mahallelerine Konu\u015fland\u0131r\u0131ld\u0131"},"content":{"rendered":"<p style=\"text-align: justify;\"><span style=\"color: #800000;\"><strong>LAZK\u0130YE (SANA)<\/strong> <\/span>\u2013 Kamu G\u00fcvenli\u011fi G\u00fc\u00e7leri, Lazkiye kentinin mahallelerinde g\u00fcvenli\u011fi sa\u011flamak ve devrik rejim kal\u0131nt\u0131lar\u0131n\u0131n yaratt\u0131\u011f\u0131 istikrars\u0131zl\u0131k sonucu meydana gelen ihlal ve h\u0131rs\u0131zl\u0131klar\u0131 kontrol alt\u0131na almak i\u00e7in konu\u015fland\u0131r\u0131l\u0131yor.<\/p>\n<div id='gallery-1' class='gallery galleryid-316675 gallery-columns-1 gallery-size-full'><figure class='gallery-item'>\n\t\t\t<div class='gallery-icon landscape'>\n\t\t\t\t<a href='https:\/\/archive.sana.sy\/tr\/?attachment_id=316677'><img loading=\"lazy\" decoding=\"async\" width=\"1536\" height=\"1152\" src=\"https:\/\/archive.sana.sy\/tr\/wp-content\/uploads\/2025\/03\/photo_2025-03-08_14-17-43-1536x1152-1.jpg\" class=\"attachment-full size-full\" alt=\"\" srcset=\"https:\/\/archive.sana.sy\/tr\/wp-content\/uploads\/2025\/03\/photo_2025-03-08_14-17-43-1536x1152-1.jpg 1536w, https:\/\/archive.sana.sy\/tr\/wp-content\/uploads\/2025\/03\/photo_2025-03-08_14-17-43-1536x1152-1-300x225.jpg 300w, https:\/\/archive.sana.sy\/tr\/wp-content\/uploads\/2025\/03\/photo_2025-03-08_14-17-43-1536x1152-1-1024x768.jpg 1024w, https:\/\/archive.sana.sy\/tr\/wp-content\/uploads\/2025\/03\/photo_2025-03-08_14-17-43-1536x1152-1-768x576.jpg 768w\" sizes=\"auto, (max-width: 1536px) 100vw, 1536px\" \/><\/a>\n\t\t\t<\/div><\/figure><figure class='gallery-item'>\n\t\t\t<div class='gallery-icon landscape'>\n\t\t\t\t<a href='https:\/\/archive.sana.sy\/tr\/?attachment_id=316678'><img loading=\"lazy\" decoding=\"async\" width=\"1536\" height=\"1152\" src=\"https:\/\/archive.sana.sy\/tr\/wp-content\/uploads\/2025\/03\/photo_2025-03-08_14-17-41-1536x1152-1.jpg\" class=\"attachment-full size-full\" alt=\"\" srcset=\"https:\/\/archive.sana.sy\/tr\/wp-content\/uploads\/2025\/03\/photo_2025-03-08_14-17-41-1536x1152-1.jpg 1536w, https:\/\/archive.sana.sy\/tr\/wp-content\/uploads\/2025\/03\/photo_2025-03-08_14-17-41-1536x1152-1-300x225.jpg 300w, https:\/\/archive.sana.sy\/tr\/wp-content\/uploads\/2025\/03\/photo_2025-03-08_14-17-41-1536x1152-1-1024x768.jpg 1024w, https:\/\/archive.sana.sy\/tr\/wp-content\/uploads\/2025\/03\/photo_2025-03-08_14-17-41-1536x1152-1-768x576.jpg 768w\" sizes=\"auto, (max-width: 1536px) 100vw, 1536px\" \/><\/a>\n\t\t\t<\/div><\/figure><figure class='gallery-item'>\n\t\t\t<div class='gallery-icon landscape'>\n\t\t\t\t<a href='https:\/\/archive.sana.sy\/tr\/?attachment_id=316679'><img loading=\"lazy\" decoding=\"async\" width=\"1536\" height=\"1152\" src=\"https:\/\/archive.sana.sy\/tr\/wp-content\/uploads\/2025\/03\/photo_2025-03-08_14-17-39-1536x1152-1.jpg\" class=\"attachment-full size-full\" alt=\"\" srcset=\"https:\/\/archive.sana.sy\/tr\/wp-content\/uploads\/2025\/03\/photo_2025-03-08_14-17-39-1536x1152-1.jpg 1536w, https:\/\/archive.sana.sy\/tr\/wp-content\/uploads\/2025\/03\/photo_2025-03-08_14-17-39-1536x1152-1-300x225.jpg 300w, https:\/\/archive.sana.sy\/tr\/wp-content\/uploads\/2025\/03\/photo_2025-03-08_14-17-39-1536x1152-1-1024x768.jpg 1024w, https:\/\/archive.sana.sy\/tr\/wp-content\/uploads\/2025\/03\/photo_2025-03-08_14-17-39-1536x1152-1-768x576.jpg 768w\" sizes=\"auto, (max-width: 1536px) 100vw, 1536px\" \/><\/a>\n\t\t\t<\/div><\/figure><figure class='gallery-item'>\n\t\t\t<div class='gallery-icon landscape'>\n\t\t\t\t<a href='https:\/\/archive.sana.sy\/tr\/?attachment_id=316680'><img loading=\"lazy\" decoding=\"async\" width=\"1536\" height=\"1152\" src=\"https:\/\/archive.sana.sy\/tr\/wp-content\/uploads\/2025\/03\/photo_2025-03-08_14-17-38-1536x1152-1.jpg\" class=\"attachment-full size-full\" alt=\"\" srcset=\"https:\/\/archive.sana.sy\/tr\/wp-content\/uploads\/2025\/03\/photo_2025-03-08_14-17-38-1536x1152-1.jpg 1536w, https:\/\/archive.sana.sy\/tr\/wp-content\/uploads\/2025\/03\/photo_2025-03-08_14-17-38-1536x1152-1-300x225.jpg 300w, https:\/\/archive.sana.sy\/tr\/wp-content\/uploads\/2025\/03\/photo_2025-03-08_14-17-38-1536x1152-1-1024x768.jpg 1024w, https:\/\/archive.sana.sy\/tr\/wp-content\/uploads\/2025\/03\/photo_2025-03-08_14-17-38-1536x1152-1-768x576.jpg 768w\" sizes=\"auto, (max-width: 1536px) 100vw, 1536px\" \/><\/a>\n\t\t\t<\/div><\/figure><figure class='gallery-item'>\n\t\t\t<div class='gallery-icon landscape'>\n\t\t\t\t<a href='https:\/\/archive.sana.sy\/tr\/?attachment_id=316681'><img loading=\"lazy\" decoding=\"async\" width=\"1536\" height=\"1152\" src=\"https:\/\/archive.sana.sy\/tr\/wp-content\/uploads\/2025\/03\/photo_2025-03-08_14-17-34-1536x1152-1.jpg\" class=\"attachment-full size-full\" alt=\"\" srcset=\"https:\/\/archive.sana.sy\/tr\/wp-content\/uploads\/2025\/03\/photo_2025-03-08_14-17-34-1536x1152-1.jpg 1536w, https:\/\/archive.sana.sy\/tr\/wp-content\/uploads\/2025\/03\/photo_2025-03-08_14-17-34-1536x1152-1-300x225.jpg 300w, https:\/\/archive.sana.sy\/tr\/wp-content\/uploads\/2025\/03\/photo_2025-03-08_14-17-34-1536x1152-1-1024x768.jpg 1024w, https:\/\/archive.sana.sy\/tr\/wp-content\/uploads\/2025\/03\/photo_2025-03-08_14-17-34-1536x1152-1-768x576.jpg 768w\" sizes=\"auto, (max-width: 1536px) 100vw, 1536px\" \/><\/a>\n\t\t\t<\/div><\/figure>\n\t\t<\/div>\n\n","protected":false},"excerpt":{"rendered":"<p>LAZK\u0130YE (SANA) \u2013 Kamu G\u00fcvenli\u011fi G\u00fc\u00e7leri, Lazkiye kentinin mahallelerinde g\u00fcvenli\u011fi sa\u011flamak ve devrik rejim kal\u0131nt\u0131lar\u0131n\u0131n yaratt\u0131\u011f\u0131 istikrars\u0131zl\u0131k sonucu meydana gelen ihlal ve h\u0131rs\u0131zl\u0131klar\u0131 kontrol alt\u0131na almak i\u00e7in konu\u015fland\u0131r\u0131l\u0131yor.<\/p>\n","protected":false},"author":44,"featured_media":316676,"comment_status":"closed","ping_status":"closed","sticky":false,"template":"","format":"standard","meta":{"footnotes":""},"categories":[596,589,17988],"tags":[43505,43506,43504],"class_list":["post-316675","post","type-post","status-publish","format-standard","has-post-thumbnail","","category-fotografli-raporlar","category-haber-seridi","category-son-haberler","tag-guvenligi","tag-ihlalleri-ve-hirsizliklari-kontrol-etmek-icin-lazkiye-sehri-mahallelerine-konuslandirildi","tag-kamu-guvenlik-gucleri"],"_links":{"self":[{"href":"https:\/\/archive.sana.sy\/tr\/index.php?rest_route=\/wp\/v2\/posts\/316675","targetHints":{"allow":["GET"]}}],"collection":[{"href":"https:\/\/archive.sana.sy\/tr\/index.php?rest_route=\/wp\/v2\/posts"}],"about":[{"href":"https:\/\/archive.sana.sy\/tr\/index.php?rest_route=\/wp\/v2\/types\/post"}],"author":[{"embeddable":true,"href":"https:\/\/archive.sana.sy\/tr\/index.php?rest_route=\/wp\/v2\/users\/44"}],"replies":[{"embeddable":true,"href":"https:\/\/archive.sana.sy\/tr\/index.php?rest_route=%2Fwp%2Fv2%2Fcomments&post=316675"}],"version-history":[{"count":1,"href":"https:\/\/archive.sana.sy\/tr\/index.php?rest_route=\/wp\/v2\/posts\/316675\/revisions"}],"predecessor-version":[{"id":316682,"href":"https:\/\/archive.sana.sy\/tr\/index.php?rest_route=\/wp\/v2\/posts\/316675\/revisions\/316682"}],"wp:featuredmedia":[{"embeddable":true,"href":"https:\/\/archive.sana.sy\/tr\/index.php?rest_route=\/wp\/v2\/media\/316676"}],"wp:attachment":[{"href":"https:\/\/archive.sana.sy\/tr\/index.php?rest_route=%2Fwp%2Fv2%2Fmedia&parent=316675"}],"wp:term":[{"taxonomy":"category","embeddable":true,"href":"https:\/\/archive.sana.sy\/tr\/index.php?rest_route=%2Fwp%2Fv2%2Fcategories&post=316675"},{"taxonomy":"post_tag","embeddable":true,"href":"https:\/\/archive.sana.sy\/tr\/index.php?rest_route=%2Fwp%2Fv2%2Ftags&post=316675"}],"curies":[{"name":"wp","href":"https:\/\/api.w.org\/{rel}","templated":true}]}}