{"id":316749,"date":"2025-03-09T18:11:25","date_gmt":"2025-03-09T15:11:25","guid":{"rendered":"https:\/\/sana.sy\/tr\/?p=316749"},"modified":"2025-03-09T18:14:22","modified_gmt":"2025-03-09T15:14:22","slug":"suriye-isvicre-makamlarinin-yaptirimlarin-hafifletilmesini-memnuniyetle-karsiladi","status":"publish","type":"post","link":"https:\/\/archive.sana.sy\/tr\/?p=316749","title":{"rendered":"Suriye \u0130svi\u00e7re Makamlar\u0131n\u0131n Yapt\u0131r\u0131mlar\u0131n Hafifletilmesini Memnuniyetle Kar\u015f\u0131lad\u0131"},"content":{"rendered":"<p style=\"text-align: justify;\"><span style=\"color: #800000;\"><strong>\u015eAM (SANA)<\/strong><\/span> &#8211;\u00a0 D\u0131\u015fi\u015fleri ve Gurbet\u00e7iler Bakanl\u0131\u011f\u0131, \u0130svi\u00e7re Federal Konseyi&#8217;nin Suriye&#8217;deki enerji ve ula\u015ft\u0131rma sekt\u00f6rlerine uygulanan baz\u0131 yapt\u0131r\u0131mlar\u0131 kald\u0131rma, ayr\u0131ca s\u0131n\u0131rl\u0131 finansal hizmetlere ve bankac\u0131l\u0131k ili\u015fkilerine izin verme karar\u0131n\u0131 memnuniyetle kar\u015f\u0131layarak, Suriye halk\u0131na zarar veren haks\u0131z ekonomik bask\u0131lar\u0131n hafifletilmesi y\u00f6n\u00fcnde do\u011fru y\u00f6nde at\u0131lm\u0131\u015f bir ad\u0131m oldu\u011funu vurgulad\u0131.<\/p>\n<p style=\"text-align: justify;\">Bakanl\u0131k ayr\u0131ca, \u0130svi\u00e7re Federal Konseyi&#8217;nin, Be\u015f\u015far Esad ve \u00e7evresindekilerin mal varl\u0131klar\u0131na ek dondurma karar\u0131 almas\u0131n\u0131, s\u00f6z konusu varl\u0131klar\u0131n sava\u015f su\u00e7lar\u0131ndan ve Suriye halk\u0131n\u0131n \u00e7ekti\u011fi ac\u0131lardan sorumlu ki\u015filere ait olmas\u0131 nedeniyle memnuniyetle kar\u015f\u0131larken, Suriye&#8217;nin, ya\u011fmalanan Suriye servetlerine eri\u015fememelerini sa\u011flama \u00e7abalar\u0131na g\u00fc\u00e7l\u00fc deste\u011finin alt\u0131n\u0131 \u00e7izdi.<\/p>\n<p style=\"text-align: justify;\">\u0130svi\u00e7re&#8217;nin, bu fonlar\u0131n kayna\u011f\u0131n\u0131n belirlenmesi i\u00e7in yarg\u0131 denetimine tabi tutulmadan \u00f6nce kendi yetki alan\u0131ndan \u00e7\u0131kmas\u0131n\u0131 \u00f6nleme konusundaki kararl\u0131l\u0131\u011f\u0131n\u0131 takdirle kar\u015f\u0131layan Bakanl\u0131k, Suriye&#8217;nin, yasad\u0131\u015f\u0131 yollardan elde edilen varl\u0131klar\u0131n Suriye halk\u0131n\u0131n yarar\u0131na olacak \u015fekilde iade edilmesinin sa\u011flanmas\u0131 amac\u0131yla \u0130svi\u00e7re makamlar\u0131yla daha fazla g\u00f6r\u00fc\u015fme yap\u0131lmas\u0131 y\u00f6n\u00fcndeki iste\u011fini dile getirdi.<\/p>\n<p style=\"text-align: justify;\">Bakanl\u0131k, Suriye&#8217;nin \u0130svi\u00e7re ve uluslararas\u0131 topluma, \u00fclkede adaletin sa\u011flanmas\u0131, iyile\u015fme ve uzun vadeli istikrara katk\u0131 sa\u011flayacak etkili ad\u0131mlar atmaya devam etme \u00e7a\u011fr\u0131s\u0131n\u0131 de yineledi.<\/p>\n","protected":false},"excerpt":{"rendered":"<p>\u015eAM (SANA) &#8211;\u00a0 D\u0131\u015fi\u015fleri ve Gurbet\u00e7iler Bakanl\u0131\u011f\u0131, \u0130svi\u00e7re Federal Konseyi&#8217;nin Suriye&#8217;deki enerji ve ula\u015ft\u0131rma sekt\u00f6rlerine uygulanan baz\u0131 yapt\u0131r\u0131mlar\u0131 kald\u0131rma, ayr\u0131ca s\u0131n\u0131rl\u0131 finansal hizmetlere ve bankac\u0131l\u0131k ili\u015fkilerine izin verme karar\u0131n\u0131 memnuniyetle kar\u015f\u0131layarak, Suriye halk\u0131na zarar veren haks\u0131z ekonomik bask\u0131lar\u0131n hafifletilmesi y\u00f6n\u00fcnde do\u011fru y\u00f6nde at\u0131lm\u0131\u015f bir ad\u0131m oldu\u011funu vurgulad\u0131. Bakanl\u0131k ayr\u0131ca, \u0130svi\u00e7re Federal Konseyi&#8217;nin, Be\u015f\u015far Esad ve &hellip;<\/p>\n","protected":false},"author":41,"featured_media":316750,"comment_status":"closed","ping_status":"closed","sticky":false,"template":"","format":"standard","meta":{"footnotes":""},"categories":[589,479,17988,478],"tags":[],"class_list":["post-316749","post","type-post","status-publish","format-standard","has-post-thumbnail","","category-haber-seridi","category-haberler-yerel","category-son-haberler","category-yerel"],"_links":{"self":[{"href":"https:\/\/archive.sana.sy\/tr\/index.php?rest_route=\/wp\/v2\/posts\/316749","targetHints":{"allow":["GET"]}}],"collection":[{"href":"https:\/\/archive.sana.sy\/tr\/index.php?rest_route=\/wp\/v2\/posts"}],"about":[{"href":"https:\/\/archive.sana.sy\/tr\/index.php?rest_route=\/wp\/v2\/types\/post"}],"author":[{"embeddable":true,"href":"https:\/\/archive.sana.sy\/tr\/index.php?rest_route=\/wp\/v2\/users\/41"}],"replies":[{"embeddable":true,"href":"https:\/\/archive.sana.sy\/tr\/index.php?rest_route=%2Fwp%2Fv2%2Fcomments&post=316749"}],"version-history":[{"count":3,"href":"https:\/\/archive.sana.sy\/tr\/index.php?rest_route=\/wp\/v2\/posts\/316749\/revisions"}],"predecessor-version":[{"id":316753,"href":"https:\/\/archive.sana.sy\/tr\/index.php?rest_route=\/wp\/v2\/posts\/316749\/revisions\/316753"}],"wp:featuredmedia":[{"embeddable":true,"href":"https:\/\/archive.sana.sy\/tr\/index.php?rest_route=\/wp\/v2\/media\/316750"}],"wp:attachment":[{"href":"https:\/\/archive.sana.sy\/tr\/index.php?rest_route=%2Fwp%2Fv2%2Fmedia&parent=316749"}],"wp:term":[{"taxonomy":"category","embeddable":true,"href":"https:\/\/archive.sana.sy\/tr\/index.php?rest_route=%2Fwp%2Fv2%2Fcategories&post=316749"},{"taxonomy":"post_tag","embeddable":true,"href":"https:\/\/archive.sana.sy\/tr\/index.php?rest_route=%2Fwp%2Fv2%2Ftags&post=316749"}],"curies":[{"name":"wp","href":"https:\/\/api.w.org\/{rel}","templated":true}]}}