{"id":316754,"date":"2025-03-09T18:23:23","date_gmt":"2025-03-09T15:23:23","guid":{"rendered":"https:\/\/sana.sy\/tr\/?p=316754"},"modified":"2025-03-11T08:28:58","modified_gmt":"2025-03-11T05:28:58","slug":"cumhurbaskani-el-sara-suriye-sahil-bolgesindeki-olaylari-arastirmak-ve-gercekleri-ortaya-cikarmak-icin-bagimsiz-bir-ulusal-komite-kurulmasina-karar-verdi","status":"publish","type":"post","link":"https:\/\/archive.sana.sy\/tr\/?p=316754","title":{"rendered":"Cumhurba\u015fkan\u0131 El \u015eara, Suriye Sahil B\u00f6lgesindeki Olaylar\u0131 Ara\u015ft\u0131rmak Ve Ger\u00e7ekleri Ortaya \u00c7\u0131karmak \u0130\u00e7in Ba\u011f\u0131ms\u0131z Bir Ulusal Komite Kurulmas\u0131na Karar Verdi"},"content":{"rendered":"<p style=\"text-align: justify;\"><span style=\"color: #800000;\"><strong>\u015eAM (SANA)<\/strong> &#8211;<\/span> Say\u0131n Cumhurba\u015fkan\u0131 Ahmed El \u015eara, 06 Mart 2025 tarihinde\u00a0 Suriye Sahil B\u00f6lgesinde meydana gelen olaylar\u0131 ara\u015ft\u0131rmak ve ger\u00e7ekleri ortaya \u00e7\u0131karmak i\u00e7in ba\u011f\u0131ms\u0131z bir ulusal komite kurulmas\u0131na karar verdi.<\/p>\n<p style=\"text-align: justify;\">Komitenin g\u00f6revi, olaylar\u0131n nedenlerini ve ko\u015fullar\u0131n\u0131 a\u00e7\u0131kl\u0131\u011fa kavu\u015fturmak, sivillere y\u00f6nelik ihlalleri ara\u015ft\u0131rmak ve sorumlular\u0131 tespit etmektir.<\/p>\n<p style=\"text-align: justify;\">\u00a0Komitenin g\u00f6revleri aras\u0131nda kamu kurumlar\u0131na, g\u00fcvenlik g\u00fc\u00e7lerine ve orduya y\u00f6nelik sald\u0131r\u0131lar\u0131n ara\u015ft\u0131r\u0131lmas\u0131 ve sald\u0131r\u0131lardan sorumlu olanlar\u0131n tespit edilmesi de yer al\u0131yor.<\/p>\n<p style=\"text-align: justify;\">Karara g\u00f6re, komisyon, soru\u015fturman\u0131n sonunda olaya kar\u0131\u015fanlar\u0131 yarg\u0131ya sevk edecek.<\/p>\n","protected":false},"excerpt":{"rendered":"<p>\u015eAM (SANA) &#8211; Say\u0131n Cumhurba\u015fkan\u0131 Ahmed El \u015eara, 06 Mart 2025 tarihinde\u00a0 Suriye Sahil B\u00f6lgesinde meydana gelen olaylar\u0131 ara\u015ft\u0131rmak ve ger\u00e7ekleri ortaya \u00e7\u0131karmak i\u00e7in ba\u011f\u0131ms\u0131z bir ulusal komite kurulmas\u0131na karar verdi. Komitenin g\u00f6revi, olaylar\u0131n nedenlerini ve ko\u015fullar\u0131n\u0131 a\u00e7\u0131kl\u0131\u011fa kavu\u015fturmak, sivillere y\u00f6nelik ihlalleri ara\u015ft\u0131rmak ve sorumlular\u0131 tespit etmektir. \u00a0Komitenin g\u00f6revleri aras\u0131nda kamu kurumlar\u0131na, g\u00fcvenlik g\u00fc\u00e7lerine ve &hellip;<\/p>\n","protected":false},"author":41,"featured_media":316758,"comment_status":"closed","ping_status":"closed","sticky":false,"template":"","format":"standard","meta":{"footnotes":""},"categories":[605,17988,612],"tags":[],"class_list":["post-316754","post","type-post","status-publish","format-standard","has-post-thumbnail","","category-sayin-cumhurbaskani","category-son-haberler","category-yasama-kararnameler"],"_links":{"self":[{"href":"https:\/\/archive.sana.sy\/tr\/index.php?rest_route=\/wp\/v2\/posts\/316754","targetHints":{"allow":["GET"]}}],"collection":[{"href":"https:\/\/archive.sana.sy\/tr\/index.php?rest_route=\/wp\/v2\/posts"}],"about":[{"href":"https:\/\/archive.sana.sy\/tr\/index.php?rest_route=\/wp\/v2\/types\/post"}],"author":[{"embeddable":true,"href":"https:\/\/archive.sana.sy\/tr\/index.php?rest_route=\/wp\/v2\/users\/41"}],"replies":[{"embeddable":true,"href":"https:\/\/archive.sana.sy\/tr\/index.php?rest_route=%2Fwp%2Fv2%2Fcomments&post=316754"}],"version-history":[{"count":3,"href":"https:\/\/archive.sana.sy\/tr\/index.php?rest_route=\/wp\/v2\/posts\/316754\/revisions"}],"predecessor-version":[{"id":316757,"href":"https:\/\/archive.sana.sy\/tr\/index.php?rest_route=\/wp\/v2\/posts\/316754\/revisions\/316757"}],"wp:featuredmedia":[{"embeddable":true,"href":"https:\/\/archive.sana.sy\/tr\/index.php?rest_route=\/wp\/v2\/media\/316758"}],"wp:attachment":[{"href":"https:\/\/archive.sana.sy\/tr\/index.php?rest_route=%2Fwp%2Fv2%2Fmedia&parent=316754"}],"wp:term":[{"taxonomy":"category","embeddable":true,"href":"https:\/\/archive.sana.sy\/tr\/index.php?rest_route=%2Fwp%2Fv2%2Fcategories&post=316754"},{"taxonomy":"post_tag","embeddable":true,"href":"https:\/\/archive.sana.sy\/tr\/index.php?rest_route=%2Fwp%2Fv2%2Ftags&post=316754"}],"curies":[{"name":"wp","href":"https:\/\/api.w.org\/{rel}","templated":true}]}}