{"id":316766,"date":"2025-03-10T08:29:46","date_gmt":"2025-03-10T05:29:46","guid":{"rendered":"https:\/\/sana.sy\/tr\/?p=316766"},"modified":"2025-03-10T08:29:46","modified_gmt":"2025-03-10T05:29:46","slug":"enformasyon-bakanligi-dusman-taraflar-kaos-yaratmak-ve-yanlis-bilgi-yaymak-amaciyla-medya-araciligiyla-kiskirtma-kampanyalarini-yogunlastiriyor","status":"publish","type":"post","link":"https:\/\/archive.sana.sy\/tr\/?p=316766","title":{"rendered":"Enformasyon Bakanl\u0131\u011f\u0131: D\u00fc\u015fman Taraflar, Kaos Yaratmak Ve Yanl\u0131\u015f Bilgi Yaymak Amac\u0131yla Medya Arac\u0131l\u0131\u011f\u0131yla K\u0131\u015fk\u0131rtma Kampanyalar\u0131n\u0131 Yo\u011funla\u015ft\u0131r\u0131yor"},"content":{"rendered":"<p style=\"text-align: justify;\"><strong>\u015eAM (SANA) &#8211;<\/strong> Enformasyon Bakanl\u0131\u011f\u0131, d\u00fc\u015fman taraflar\u0131n medya arac\u0131l\u0131\u011f\u0131yla k\u0131\u015fk\u0131rtma kampanyalar\u0131n\u0131 yo\u011funla\u015ft\u0131rd\u0131\u011f\u0131n\u0131, kaos yaratmak ve yanl\u0131\u015f bilgi yaymak amac\u0131yla faaliyet y\u00fcr\u00fctt\u00fc\u011f\u00fcn\u00fc do\u011frulad\u0131.<\/p>\n<p style=\"text-align: justify;\">Bakanl\u0131k, bug\u00fcn Telegram kanal\u0131nda yay\u0131mlad\u0131\u011f\u0131 a\u00e7\u0131klamada, son iki g\u00fcnd\u00fcr, bir k\u0131sm\u0131 \u00f6nceki y\u0131llara ait, bir k\u0131sm\u0131 da \u00fclke d\u0131\u015f\u0131ndan \u00e7ekilmi\u015f eski foto\u011fraf ve video kliplerin yeniden dola\u015f\u0131ma sokulmas\u0131 amac\u0131yla sistematik olarak izlenme yap\u0131ld\u0131\u011f\u0131n\u0131 belirtti.<\/p>\n<p style=\"text-align: justify;\">Bakanl\u0131k ayr\u0131ca, bu t\u00fcr giri\u015fimlerin amac\u0131n\u0131n kamuoyunu manip\u00fcle etmek ve ya\u015fananlar\u0131 Suriye sahilindeki g\u00fcncel olaylarm\u0131\u015f gibi sunarak a\u00e7\u0131k\u00e7a \u00e7at\u0131\u015fma \u00e7\u0131karmak ve istikrars\u0131zla\u015ft\u0131rmak oldu\u011funu a\u00e7\u0131klad\u0131.<\/p>\n<p style=\"text-align: justify;\">A\u00e7\u0131klamas\u0131nda vatanda\u015flar\u0131 bilin\u00e7li olmaya ve toplumsal dokuyu hedef alan yan\u0131lt\u0131c\u0131 haberlere kanmamaya \u00e7a\u011f\u0131ran Bakanl\u0131k, g\u00fcvenlik ve i\u00e7 bar\u0131\u015f\u0131n sa\u011flanmas\u0131nda \u00f6nemli bir yere sahip olan do\u011fru bilginin elde edilmesinde resmi kaynaklara dayan\u0131lmas\u0131n\u0131n gereklili\u011fini vurgulad\u0131.<\/p>\n<p style=\"text-align: justify;\">Bakanl\u0131k Arap ve Bat\u0131 medyas\u0131na, g\u00fcncel olaylar\u0131 do\u011fru ve g\u00fcvenilir \u015fekilde ele almalar\u0131 ve sosyal medyada giderek artan ve sistematik bir \u015fekilde dola\u015fan s\u00f6ylentilerin tuza\u011f\u0131na d\u00fc\u015fmemeleri de \u00e7a\u011fr\u0131s\u0131nda bulundu.<\/p>\n","protected":false},"excerpt":{"rendered":"<p>\u015eAM (SANA) &#8211; Enformasyon Bakanl\u0131\u011f\u0131, d\u00fc\u015fman taraflar\u0131n medya arac\u0131l\u0131\u011f\u0131yla k\u0131\u015fk\u0131rtma kampanyalar\u0131n\u0131 yo\u011funla\u015ft\u0131rd\u0131\u011f\u0131n\u0131, kaos yaratmak ve yanl\u0131\u015f bilgi yaymak amac\u0131yla faaliyet y\u00fcr\u00fctt\u00fc\u011f\u00fcn\u00fc do\u011frulad\u0131. Bakanl\u0131k, bug\u00fcn Telegram kanal\u0131nda yay\u0131mlad\u0131\u011f\u0131 a\u00e7\u0131klamada, son iki g\u00fcnd\u00fcr, bir k\u0131sm\u0131 \u00f6nceki y\u0131llara ait, bir k\u0131sm\u0131 da \u00fclke d\u0131\u015f\u0131ndan \u00e7ekilmi\u015f eski foto\u011fraf ve video kliplerin yeniden dola\u015f\u0131ma sokulmas\u0131 amac\u0131yla sistematik olarak izlenme yap\u0131ld\u0131\u011f\u0131n\u0131 &hellip;<\/p>\n","protected":false},"author":39,"featured_media":316767,"comment_status":"closed","ping_status":"closed","sticky":false,"template":"","format":"standard","meta":{"footnotes":""},"categories":[589,479,17988,478],"tags":[],"class_list":["post-316766","post","type-post","status-publish","format-standard","has-post-thumbnail","","category-haber-seridi","category-haberler-yerel","category-son-haberler","category-yerel"],"_links":{"self":[{"href":"https:\/\/archive.sana.sy\/tr\/index.php?rest_route=\/wp\/v2\/posts\/316766","targetHints":{"allow":["GET"]}}],"collection":[{"href":"https:\/\/archive.sana.sy\/tr\/index.php?rest_route=\/wp\/v2\/posts"}],"about":[{"href":"https:\/\/archive.sana.sy\/tr\/index.php?rest_route=\/wp\/v2\/types\/post"}],"author":[{"embeddable":true,"href":"https:\/\/archive.sana.sy\/tr\/index.php?rest_route=\/wp\/v2\/users\/39"}],"replies":[{"embeddable":true,"href":"https:\/\/archive.sana.sy\/tr\/index.php?rest_route=%2Fwp%2Fv2%2Fcomments&post=316766"}],"version-history":[{"count":1,"href":"https:\/\/archive.sana.sy\/tr\/index.php?rest_route=\/wp\/v2\/posts\/316766\/revisions"}],"predecessor-version":[{"id":316768,"href":"https:\/\/archive.sana.sy\/tr\/index.php?rest_route=\/wp\/v2\/posts\/316766\/revisions\/316768"}],"wp:featuredmedia":[{"embeddable":true,"href":"https:\/\/archive.sana.sy\/tr\/index.php?rest_route=\/wp\/v2\/media\/316767"}],"wp:attachment":[{"href":"https:\/\/archive.sana.sy\/tr\/index.php?rest_route=%2Fwp%2Fv2%2Fmedia&parent=316766"}],"wp:term":[{"taxonomy":"category","embeddable":true,"href":"https:\/\/archive.sana.sy\/tr\/index.php?rest_route=%2Fwp%2Fv2%2Fcategories&post=316766"},{"taxonomy":"post_tag","embeddable":true,"href":"https:\/\/archive.sana.sy\/tr\/index.php?rest_route=%2Fwp%2Fv2%2Ftags&post=316766"}],"curies":[{"name":"wp","href":"https:\/\/api.w.org\/{rel}","templated":true}]}}