{"id":316770,"date":"2025-03-10T08:35:22","date_gmt":"2025-03-10T05:35:22","guid":{"rendered":"https:\/\/sana.sy\/tr\/?p=316770"},"modified":"2025-03-10T08:39:52","modified_gmt":"2025-03-10T05:39:52","slug":"suriyenin-komsu-ulkeleri-toplantisina-katilan-disisleri-bakanlari-ulkenin-guvenligi-ve-istikrarina-desteklerini-ve-kendisine-uygulanan-yaptirimlarin-kaldirilmasini-vurguladi","status":"publish","type":"post","link":"https:\/\/archive.sana.sy\/tr\/?p=316770","title":{"rendered":"Suriye&#8217;nin Kom\u015fu \u00dclkeleri Toplant\u0131s\u0131na Kat\u0131lan D\u0131\u015fi\u015fleri Bakanlar\u0131, \u00dclkenin G\u00fcvenli\u011fi Ve \u0130stikrar\u0131na Desteklerini Ve Kendisine Uygulanan Yapt\u0131r\u0131mlar\u0131n Kald\u0131r\u0131lmas\u0131n\u0131 Vurgulad\u0131"},"content":{"rendered":"<p style=\"text-align: justify;\"><strong>AMMAN (SANA) &#8211; <\/strong>\u00a0\u00dcrd\u00fcn&#8217;\u00fcn ba\u015fkenti Amman&#8217;da bug\u00fcn d\u00fczenlenen Suriye&#8217;ye kom\u015fu \u00fclkeler toplant\u0131s\u0131na kat\u0131lan \u00fclkelerin d\u0131\u015fi\u015fleri bakanlar\u0131, \u00fclkelerinin Suriye&#8217;nin g\u00fcvenli\u011fi ve istikrar\u0131na verdi\u011fi deste\u011fi teyit ederek, Suriye&#8217;ye y\u00f6nelik yapt\u0131r\u0131mlar\u0131n kald\u0131r\u0131lmas\u0131 \u00e7a\u011fr\u0131s\u0131nda bulundu.<\/p>\n<p style=\"text-align: justify;\">\u00dcrd\u00fcn D\u0131\u015fi\u015fleri Bakan\u0131 Eymen Safadi, ortak bas\u0131n toplant\u0131s\u0131nda \u015funlar\u0131 s\u00f6yledi: \u201cOybirli\u011fiyle Suriye&#8217;nin g\u00fcvenli\u011fi ve istikrar\u0131n\u0131n hepimiz i\u00e7in g\u00fcvenlik ve istikrar oldu\u011funu teyit ettik\u201d diye ekliyor: \u201c\u00dclkelerimizden birinin istikrar\u0131 \u00fczerine grevler, b\u00f6lgedeki t\u00fcm \u00fclkelerin istikrar\u0131 \u00fczerine grevler.\u201d<\/p>\n<p style=\"text-align: justify;\">Safadi \u015funlar\u0131 ekledi: &#8220;Toplant\u0131m\u0131z\u0131n amac\u0131 Suriye&#8217;deki karde\u015flerimize istikrar, in\u015fa ve ter\u00f6rizmi yenme konusunda destek olmakt\u0131r.&#8221;<\/p>\n<p style=\"text-align: justify;\">Bakan Safadi ayr\u0131ca, &#8220;Kom\u015fu \u00fclkeler, Suriye&#8217;ye y\u00f6nelik yapt\u0131r\u0131mlar\u0131n kald\u0131r\u0131lmas\u0131n\u0131 ve yeniden in\u015fas\u0131na katk\u0131da bulunmak i\u00e7in ekonomik ve yat\u0131r\u0131m alan\u0131nda Suriye ile i\u015f birli\u011fi yap\u0131lmas\u0131n\u0131 talep ediyor.&#8221; diyerek, \u00a0&#8220;Suriye&#8217;nin yeniden yap\u0131lanma \u00e7abalar\u0131n\u0131n yan\u0131nday\u0131z ve g\u00fcvenli\u011fini ve istikrar\u0131n\u0131 bozmaya y\u00f6nelik her t\u00fcrl\u00fc giri\u015fime kar\u015f\u0131 duruyoruz.&#8221; ifadelerini kulland\u0131.<\/p>\n<p style=\"text-align: justify;\">D\u0131\u015fi\u015fleri Bakan\u0131 Hakan Fidan ise d\u00fczenledi\u011fi bas\u0131n toplant\u0131s\u0131nda, Suriye&#8217;de yeni h\u00fck\u00fcmetin istikrar\u0131 sa\u011flamay\u0131 ama\u00e7layan faaliyetlerine destek verdiklerini belirtti.<\/p>\n<p style=\"text-align: justify;\">Fidan ayr\u0131ca, \u201cSuriye\u2019deki yeni h\u00fck\u00fcmete her alanda yard\u0131mc\u0131 olmaya ve istikrar\u0131 sa\u011flamaya y\u00f6nelik t\u00fcm faaliyetlerini desteklemeye kararl\u0131y\u0131z.\u201d a\u00e7\u0131klamada bulunarak, Suriye&#8217;nin kom\u015fu \u00fclkeleri toplant\u0131s\u0131 kapsam\u0131nda, ter\u00f6rle m\u00fccadele ve b\u00f6lgesel ter\u00f6rist faaliyetler ba\u015fta olmak \u00fczere Suriye&#8217;nin istikrar\u0131na ili\u015fkin konular\u0131n ele al\u0131nd\u0131\u011f\u0131n\u0131 belirtti.<\/p>\n<p style=\"text-align: justify;\">T\u00fcrkiye D\u0131\u015fi\u015fleri Bakan\u0131, \u0130srail&#8217;in b\u00f6lgeye ve Suriye topraklar\u0131na y\u00f6nelik yay\u0131lmac\u0131 ad\u0131mlar\u0131n\u0131 reddettiklerini de\u00a0 vurgulad\u0131.<\/p>\n<p style=\"text-align: justify;\">Irak D\u0131\u015fi\u015fleri Bakan\u0131 Fuad H\u00fcseyin ise Suriye&#8217;de istikrar\u0131n b\u00f6lge \u00fclkeleri a\u00e7\u0131s\u0131ndan \u00f6nemli oldu\u011funu vurgulayarak, Suriye&#8217;nin g\u00fcvenli\u011finin kom\u015fu \u00fclkelere de yans\u0131d\u0131\u011f\u0131n\u0131, Irak&#8217;\u0131n istikrar\u0131n\u0131n Suriye&#8217;nin istikrar\u0131ndan kaynakland\u0131\u011f\u0131n\u0131 s\u00f6yledi.<\/p>\n<p style=\"text-align: justify;\">Kendi y\u00f6n\u00fcnden L\u00fcbnan D\u0131\u015fi\u015fleri Bakan\u0131 Yusuf Raci, Suriye&#8217;nin istikrar\u0131n\u0131n L\u00fcbnan&#8217;\u0131n istikrar\u0131 i\u00e7in \u00f6nemli oldu\u011funu vurgulayarak, &#8220;Suriye&#8217;nin kom\u015fu \u00fclkeleri toplant\u0131s\u0131nda s\u0131n\u0131rlar\u0131n \u00e7izilmesi, uyu\u015fturucu ve silah ka\u00e7ak\u00e7\u0131l\u0131\u011f\u0131n\u0131n \u00f6nlenmesi ve ter\u00f6rle m\u00fccadele konular\u0131 ele al\u0131nd\u0131.&#8221; ifadelerini s\u00f6zlerine ekledi.<\/p>\n","protected":false},"excerpt":{"rendered":"<p>AMMAN (SANA) &#8211; \u00a0\u00dcrd\u00fcn&#8217;\u00fcn ba\u015fkenti Amman&#8217;da bug\u00fcn d\u00fczenlenen Suriye&#8217;ye kom\u015fu \u00fclkeler toplant\u0131s\u0131na kat\u0131lan \u00fclkelerin d\u0131\u015fi\u015fleri bakanlar\u0131, \u00fclkelerinin Suriye&#8217;nin g\u00fcvenli\u011fi ve istikrar\u0131na verdi\u011fi deste\u011fi teyit ederek, Suriye&#8217;ye y\u00f6nelik yapt\u0131r\u0131mlar\u0131n kald\u0131r\u0131lmas\u0131 \u00e7a\u011fr\u0131s\u0131nda bulundu. \u00dcrd\u00fcn D\u0131\u015fi\u015fleri Bakan\u0131 Eymen Safadi, ortak bas\u0131n toplant\u0131s\u0131nda \u015funlar\u0131 s\u00f6yledi: \u201cOybirli\u011fiyle Suriye&#8217;nin g\u00fcvenli\u011fi ve istikrar\u0131n\u0131n hepimiz i\u00e7in g\u00fcvenlik ve istikrar oldu\u011funu teyit ettik\u201d diye &hellip;<\/p>\n","protected":false},"author":39,"featured_media":316778,"comment_status":"closed","ping_status":"closed","sticky":false,"template":"","format":"standard","meta":{"footnotes":""},"categories":[458,589,459,17988],"tags":[],"class_list":["post-316770","post","type-post","status-publish","format-standard","has-post-thumbnail","","category-dunya1","category-haber-seridi","category-haberler-arap-uluslararasi-politika","category-son-haberler"],"_links":{"self":[{"href":"https:\/\/archive.sana.sy\/tr\/index.php?rest_route=\/wp\/v2\/posts\/316770","targetHints":{"allow":["GET"]}}],"collection":[{"href":"https:\/\/archive.sana.sy\/tr\/index.php?rest_route=\/wp\/v2\/posts"}],"about":[{"href":"https:\/\/archive.sana.sy\/tr\/index.php?rest_route=\/wp\/v2\/types\/post"}],"author":[{"embeddable":true,"href":"https:\/\/archive.sana.sy\/tr\/index.php?rest_route=\/wp\/v2\/users\/39"}],"replies":[{"embeddable":true,"href":"https:\/\/archive.sana.sy\/tr\/index.php?rest_route=%2Fwp%2Fv2%2Fcomments&post=316770"}],"version-history":[{"count":1,"href":"https:\/\/archive.sana.sy\/tr\/index.php?rest_route=\/wp\/v2\/posts\/316770\/revisions"}],"predecessor-version":[{"id":316772,"href":"https:\/\/archive.sana.sy\/tr\/index.php?rest_route=\/wp\/v2\/posts\/316770\/revisions\/316772"}],"wp:featuredmedia":[{"embeddable":true,"href":"https:\/\/archive.sana.sy\/tr\/index.php?rest_route=\/wp\/v2\/media\/316778"}],"wp:attachment":[{"href":"https:\/\/archive.sana.sy\/tr\/index.php?rest_route=%2Fwp%2Fv2%2Fmedia&parent=316770"}],"wp:term":[{"taxonomy":"category","embeddable":true,"href":"https:\/\/archive.sana.sy\/tr\/index.php?rest_route=%2Fwp%2Fv2%2Fcategories&post=316770"},{"taxonomy":"post_tag","embeddable":true,"href":"https:\/\/archive.sana.sy\/tr\/index.php?rest_route=%2Fwp%2Fv2%2Ftags&post=316770"}],"curies":[{"name":"wp","href":"https:\/\/api.w.org\/{rel}","templated":true}]}}