{"id":316773,"date":"2025-03-10T07:36:48","date_gmt":"2025-03-10T04:36:48","guid":{"rendered":"https:\/\/sana.sy\/tr\/?p=316773"},"modified":"2025-03-10T08:38:33","modified_gmt":"2025-03-10T05:38:33","slug":"bakan-el-seybani-suriyenin-karsi-karsiya-oldugu-zorluklarla-mucadelede-komsu-ulkelerin-destegini-memnuniyetle-karsiliyoruz","status":"publish","type":"post","link":"https:\/\/archive.sana.sy\/tr\/?p=316773","title":{"rendered":"Bakan El \u015eeybani: Suriye&#8217;nin Kar\u015f\u0131 Kar\u015f\u0131ya Oldu\u011fu Zorluklarla M\u00fccadelede Kom\u015fu \u00dclkelerin Deste\u011fini Memnuniyetle Kar\u015f\u0131l\u0131yoruz"},"content":{"rendered":"<p style=\"text-align: justify;\"><strong>AMMAN <\/strong><strong>(SANA)<\/strong> &#8211;\u00a0 D\u0131\u015fi\u015fleri ve Gurbet\u00e7iler Bakan\u0131 Say\u0131n Asaad El \u015eeybani, Suriye&#8217;nin bug\u00fcn kar\u015f\u0131 kar\u015f\u0131ya oldu\u011fu zorluklarla m\u00fccadelede Suriye ve Kom\u015fu \u00dclkeler Toplant\u0131s\u0131&#8217;na kat\u0131lan t\u00fcm \u00fclkelerin verdi\u011fi deste\u011fi, Suriye topraklar\u0131n\u0131n birli\u011fine ve ba\u011f\u0131ms\u0131zl\u0131\u011f\u0131na sayg\u0131 g\u00f6stermelerini, \u0130srail tehditlerini ortak bir \u015fekilde reddetmelerini ve Suriye halk\u0131na uygulanan haks\u0131z yapt\u0131r\u0131mlar\u0131n kald\u0131r\u0131lmas\u0131n\u0131 benimsemelerini memnuniyetle kar\u015f\u0131lad\u0131klar\u0131n\u0131 ifade etti.<\/p>\n<p style=\"text-align: justify;\">D\u0131\u015fi\u015fleri Bakan\u0131, \u00dcrd\u00fcn&#8217;de \u00dcrd\u00fcn, T\u00fcrkiye, L\u00fcbnan ve Irak heyetlerinin bir araya geldi\u011fi toplant\u0131ya kat\u0131l\u0131rken d\u00fczenledi\u011fi bas\u0131n toplant\u0131s\u0131nda \u015funlar\u0131 s\u00f6yledi: \u00dcrd\u00fcn&#8217;e ve kat\u0131lan t\u00fcm heyetlere, ortak zorluklarla m\u00fccadele etmek ve b\u00f6lgedeki g\u00fcvenli\u011fi peki\u015ftirmek i\u00e7in i\u015fbirli\u011fi ve koordinasyon konusunda istekli olduklar\u0131n\u0131 a\u00e7\u0131k\u00e7a yans\u0131tan te\u015fekk\u00fcr ediyorum.\u201d<\/p>\n<p style=\"text-align: justify;\">Bakan El \u015eeybani ayr\u0131ca kom\u015fu \u00fclkelerin Suriye halk\u0131na son y\u0131llarda verdi\u011fi destekten ve b\u00fcy\u00fck zorluklara ra\u011fmen Suriyelilere ev sahipli\u011fi yapmas\u0131ndan duydu\u011fu memnuniyeti dile getirerek, bu durumun ev sahibi \u00fclkelerle kurulan toplumsal ve ahlaki ba\u011flar\u0131n Suriye haf\u0131zas\u0131nda kalaca\u011f\u0131n\u0131 kaydetti.<\/p>\n<p style=\"text-align: justify;\">Suriye ile kom\u015fu \u00fclkeler aras\u0131nda hayati alanlarda ortak yat\u0131r\u0131m ve ekonomik i\u015f birli\u011finin art\u0131r\u0131lmas\u0131n\u0131n \u00f6nemini vurgulayan El \u015eeybani, bug\u00fcnk\u00fc toplant\u0131da hakim olan ve bundan sonraki toplant\u0131larda da hakim olacak olumlu ruhu s\u00fcrd\u00fcrmeye, elde edilen ba\u015far\u0131lar\u0131 daha da ileriye ta\u015f\u0131yarak b\u00f6lge ve d\u00fcnya i\u00e7in daha iyi bir gelecek i\u00e7in ortak \u00e7al\u0131\u015fmalar\u0131 art\u0131rmaya haz\u0131r olduklar\u0131n\u0131 belirti.<\/p>\n","protected":false},"excerpt":{"rendered":"<p>AMMAN (SANA) &#8211;\u00a0 D\u0131\u015fi\u015fleri ve Gurbet\u00e7iler Bakan\u0131 Say\u0131n Asaad El \u015eeybani, Suriye&#8217;nin bug\u00fcn kar\u015f\u0131 kar\u015f\u0131ya oldu\u011fu zorluklarla m\u00fccadelede Suriye ve Kom\u015fu \u00dclkeler Toplant\u0131s\u0131&#8217;na kat\u0131lan t\u00fcm \u00fclkelerin verdi\u011fi deste\u011fi, Suriye topraklar\u0131n\u0131n birli\u011fine ve ba\u011f\u0131ms\u0131zl\u0131\u011f\u0131na sayg\u0131 g\u00f6stermelerini, \u0130srail tehditlerini ortak bir \u015fekilde reddetmelerini ve Suriye halk\u0131na uygulanan haks\u0131z yapt\u0131r\u0131mlar\u0131n kald\u0131r\u0131lmas\u0131n\u0131 benimsemelerini memnuniyetle kar\u015f\u0131lad\u0131klar\u0131n\u0131 ifade etti. D\u0131\u015fi\u015fleri Bakan\u0131, &hellip;<\/p>\n","protected":false},"author":39,"featured_media":316774,"comment_status":"closed","ping_status":"closed","sticky":false,"template":"","format":"standard","meta":{"footnotes":""},"categories":[458,589,459,17988],"tags":[],"class_list":["post-316773","post","type-post","status-publish","format-standard","has-post-thumbnail","","category-dunya1","category-haber-seridi","category-haberler-arap-uluslararasi-politika","category-son-haberler"],"_links":{"self":[{"href":"https:\/\/archive.sana.sy\/tr\/index.php?rest_route=\/wp\/v2\/posts\/316773","targetHints":{"allow":["GET"]}}],"collection":[{"href":"https:\/\/archive.sana.sy\/tr\/index.php?rest_route=\/wp\/v2\/posts"}],"about":[{"href":"https:\/\/archive.sana.sy\/tr\/index.php?rest_route=\/wp\/v2\/types\/post"}],"author":[{"embeddable":true,"href":"https:\/\/archive.sana.sy\/tr\/index.php?rest_route=\/wp\/v2\/users\/39"}],"replies":[{"embeddable":true,"href":"https:\/\/archive.sana.sy\/tr\/index.php?rest_route=%2Fwp%2Fv2%2Fcomments&post=316773"}],"version-history":[{"count":1,"href":"https:\/\/archive.sana.sy\/tr\/index.php?rest_route=\/wp\/v2\/posts\/316773\/revisions"}],"predecessor-version":[{"id":316775,"href":"https:\/\/archive.sana.sy\/tr\/index.php?rest_route=\/wp\/v2\/posts\/316773\/revisions\/316775"}],"wp:featuredmedia":[{"embeddable":true,"href":"https:\/\/archive.sana.sy\/tr\/index.php?rest_route=\/wp\/v2\/media\/316774"}],"wp:attachment":[{"href":"https:\/\/archive.sana.sy\/tr\/index.php?rest_route=%2Fwp%2Fv2%2Fmedia&parent=316773"}],"wp:term":[{"taxonomy":"category","embeddable":true,"href":"https:\/\/archive.sana.sy\/tr\/index.php?rest_route=%2Fwp%2Fv2%2Fcategories&post=316773"},{"taxonomy":"post_tag","embeddable":true,"href":"https:\/\/archive.sana.sy\/tr\/index.php?rest_route=%2Fwp%2Fv2%2Ftags&post=316773"}],"curies":[{"name":"wp","href":"https:\/\/api.w.org\/{rel}","templated":true}]}}