{"id":316781,"date":"2025-03-10T08:56:13","date_gmt":"2025-03-10T05:56:13","guid":{"rendered":"https:\/\/sana.sy\/tr\/?p=316781"},"modified":"2025-03-11T08:29:07","modified_gmt":"2025-03-11T05:29:07","slug":"cumhurbaskani-el-saranin-suriye-sahilinde-yasanan-son-olaylara-iliskin-konusmasi","status":"publish","type":"post","link":"https:\/\/archive.sana.sy\/tr\/?p=316781","title":{"rendered":"Cumhurba\u015fkan\u0131 El \u015eara&#8217;n\u0131n Suriye Sahilinde Ya\u015fanan Son Olaylara \u0130li\u015fkin Konu\u015fmas\u0131"},"content":{"rendered":"<p style=\"text-align: justify;\"><strong>\u015eAM (SANA) &#8211; <\/strong>Suriye Arap Cumhuriyeti Cumhurba\u015fkan\u0131 Say\u0131n Ahmed El \u015eara, Suriye sahilindeki son geli\u015fmelere ili\u015fkin yapt\u0131\u011f\u0131 konu\u015fmada \u015funlar\u0131 kaydetti:<\/p>\n<p style=\"text-align: justify;\">\u00dclkemiz, \u00f6zg\u00fcrl\u00fc\u011f\u00fcne kavu\u015fana ve halk devrimi hedeflerine ula\u015fana kadar son y\u0131llarda ac\u0131 ve zorlu deneyimler ya\u015fad\u0131. Daha sonra, yak\u0131n zamanda onu istikrars\u0131zla\u015ft\u0131rma ve kaos batakl\u0131\u011f\u0131na s\u00fcr\u00fckleme giri\u015fimlerine maruz kald\u0131.<\/p>\n<p style=\"text-align: justify;\">Bug\u00fcn, bu kritik anda, eski rejimin kal\u0131nt\u0131lar\u0131 ve onlar\u0131n arkas\u0131ndaki d\u0131\u015f g\u00fc\u00e7lerin, \u00fclkemizi b\u00f6lmek, birli\u011fini ve istikrar\u0131n\u0131 bozmak amac\u0131yla yeni bir \u00e7eki\u015fme yaratmak ve i\u00e7 sava\u015fa s\u00fcr\u00fcklemek amac\u0131yla giri\u015ftikleri giri\u015fimlerle temsil edilen yeni bir tehlikeyle kar\u015f\u0131 kar\u015f\u0131yay\u0131z.<\/p>\n<p style=\"text-align: justify;\">Devrik rejimin iktidar\u0131 boyunca Filistin \u015eubesi, Sednaya, g\u00fcvenlik birimleri, tecav\u00fczler, kimyasal silahlar, yerinden etmeler, evlerin halk\u0131n ba\u015flar\u0131 \u00fczerine y\u0131k\u0131lmas\u0131 gibi derin yaralar b\u0131rakt\u0131\u011f\u0131n\u0131 kabul etmeliyiz. B\u00fct\u00fcn bunlar, iyile\u015fmesi \u00e7ok zor yaralar b\u0131rakt\u0131 ve sonu\u00e7lar\u0131ndan biri de, devletin ilk andan itibaren bu olay\u0131n \u00f6nlenmesi i\u00e7in g\u00f6sterdi\u011fi \u00e7abalara ra\u011fmen d\u00fcn ya\u015fananlard\u0131.<\/p>\n<p style=\"text-align: justify;\">\u0130lk anlardan itibaren, sivil huzuru korumak ve intikam olaylar\u0131n\u0131n meydana gelmesini \u00f6nlemek i\u00e7in b\u00f6lgeyi g\u00fcvenlik g\u00fc\u00e7leriyle takviye ettik. Bu g\u00fc\u00e7lere sald\u0131r\u0131ld\u0131 ve bir\u00e7o\u011fu \u00f6ld\u00fcr\u00fcld\u00fc ve yak\u0131ld\u0131 ve oradaki sakinlere sald\u0131r\u0131ld\u0131. Bu i\u011fren\u00e7 su\u00e7u i\u015fleyenler, son 14 y\u0131ld\u0131r Suriye halk\u0131na kar\u015f\u0131 i\u011fren\u00e7 su\u00e7lar i\u015fleyenlerle ayn\u0131d\u0131r.<\/p>\n<p style=\"text-align: justify;\">Suriye halk\u0131na ve \u00fclkemizi \u00f6nemseyen herkese, ordumuz ve devlet kurumlar\u0131m\u0131za kar\u015f\u0131 su\u00e7 i\u015fleyen, hastanelere sald\u0131ran ve masum sivilleri \u00f6ld\u00fcren Esad&#8217;\u0131n kal\u0131nt\u0131lar\u0131na asla tahamm\u00fcl etmeyece\u011fimizi vurguluyoruz.<\/p>\n<p style=\"text-align: justify;\">Sivil halk\u0131n kan\u0131na bula\u015fan, halk\u0131m\u0131za zarar veren, devletin yetkilerini a\u015fan veya kendi ama\u00e7lar\u0131 do\u011frultusunda g\u00fcc\u00fc istismar eden herkesten, t\u00fcm kararl\u0131l\u0131kla ve ho\u015fg\u00f6r\u00fcs\u00fczl\u00fckle hesap soraca\u011f\u0131m\u0131z\u0131 beyan ederiz. Hi\u00e7 kimse kanunun \u00fcst\u00fcnde olmayacak, elleri Suriye halk\u0131n\u0131n kan\u0131na bulanan herkes er ya da ge\u00e7 adaletin kar\u015f\u0131s\u0131na \u00e7\u0131kacakt\u0131r.<\/p>\n<p style=\"text-align: justify;\">\u00dclkemizin i\u015flerine kar\u0131\u015fmay\u0131 ama\u00e7layan veya ihtilaf \u00e7\u0131karmay\u0131 ve sevgili Suriye&#8217;yi b\u00f6lmeyi ama\u00e7layan her t\u00fcrl\u00fc iddiay\u0131 veya \u00e7a\u011fr\u0131y\u0131 su\u00e7 say\u0131yoruz. Aram\u0131zda bu t\u00fcr \u00e7a\u011fr\u0131lara yer yoktur. Suriye, b\u00fct\u00fcn bile\u015fenleriyle halk\u0131n\u0131n kararl\u0131l\u0131\u011f\u0131 ve ordusunun g\u00fcc\u00fcyle birlik ve beraberli\u011fini koruyacak, hi\u00e7bir taraf\u0131n milli birli\u011fini bozmas\u0131na, i\u00e7 bar\u0131\u015f\u0131 bozmas\u0131na izin vermeyece\u011fiz.<\/p>\n<p style=\"text-align: justify;\">Yukar\u0131da belirtilen hususlara dayanarak, k\u0131y\u0131da ya\u015fanan olaylar\u0131 incelemek, soru\u015fturmak, olaya kar\u0131\u015fanlar\u0131 adalete teslim etmek ve Suriye halk\u0131na ger\u00e7ekleri a\u00e7\u0131klamak \u00fczere bir ara\u015ft\u0131rma komitesi kurdu\u011fumuzu duyurmu\u015f bulunuyoruz.<\/p>\n<p style=\"text-align: justify;\">Ayr\u0131ca, Suriye sahilindeki halkla do\u011frudan ileti\u015fim kurmak, onlar\u0131 dinlemek ve gerekli deste\u011fi sa\u011flamakla g\u00f6revlendirilecek, sivil bar\u0131\u015f\u0131 korumak i\u00e7in Cumhuriyet Ba\u015fkanl\u0131\u011f\u0131 taraf\u0131ndan g\u00f6revlendirilecek \u00fcst d\u00fczey bir komitenin kuruldu\u011funu da duyuraca\u011f\u0131z.<\/p>\n<p style=\"text-align: justify;\">Sonunda, b\u00f6lgemizdeki ve d\u00fcnyadaki t\u00fcm \u00fclkelere \u00e7a\u011fr\u0131m\u0131z\u0131 iletiyoruz; Bu tarihi anda Suriye&#8217;nin yan\u0131nda yer almak ve onun birli\u011fine ve egemenli\u011fine olan tam sayg\u0131m\u0131z\u0131 vurgulamak istiyoruz.<\/p>\n<p style=\"text-align: justify;\">Suriye dik duru\u015funu s\u00fcrd\u00fcrecek, hi\u00e7bir d\u0131\u015f g\u00fcc\u00fcn, hi\u00e7bir yerel akt\u00f6r\u00fcn \u00fclkeyi kaosa veya i\u00e7 sava\u015fa s\u00fcr\u00fcklemesine izin vermeyece\u011fiz.Bizler ahde ba\u011fl\u0131y\u0131z, b\u00fcy\u00fck halk\u0131m\u0131za lay\u0131k bir gelece\u011fe do\u011fru ilerlemeye kararl\u0131y\u0131z.<\/p>\n","protected":false},"excerpt":{"rendered":"<p>\u015eAM (SANA) &#8211; Suriye Arap Cumhuriyeti Cumhurba\u015fkan\u0131 Say\u0131n Ahmed El \u015eara, Suriye sahilindeki son geli\u015fmelere ili\u015fkin yapt\u0131\u011f\u0131 konu\u015fmada \u015funlar\u0131 kaydetti: \u00dclkemiz, \u00f6zg\u00fcrl\u00fc\u011f\u00fcne kavu\u015fana ve halk devrimi hedeflerine ula\u015fana kadar son y\u0131llarda ac\u0131 ve zorlu deneyimler ya\u015fad\u0131. Daha sonra, yak\u0131n zamanda onu istikrars\u0131zla\u015ft\u0131rma ve kaos batakl\u0131\u011f\u0131na s\u00fcr\u00fckleme giri\u015fimlerine maruz kald\u0131. Bug\u00fcn, bu kritik anda, eski rejimin &hellip;<\/p>\n","protected":false},"author":39,"featured_media":316782,"comment_status":"closed","ping_status":"closed","sticky":false,"template":"","format":"standard","meta":{"footnotes":""},"categories":[606,479,605,17988,478],"tags":[],"class_list":["post-316781","post","type-post","status-publish","format-standard","has-post-thumbnail","","category-cumhurbaskani","category-haberler-yerel","category-sayin-cumhurbaskani","category-son-haberler","category-yerel"],"_links":{"self":[{"href":"https:\/\/archive.sana.sy\/tr\/index.php?rest_route=\/wp\/v2\/posts\/316781","targetHints":{"allow":["GET"]}}],"collection":[{"href":"https:\/\/archive.sana.sy\/tr\/index.php?rest_route=\/wp\/v2\/posts"}],"about":[{"href":"https:\/\/archive.sana.sy\/tr\/index.php?rest_route=\/wp\/v2\/types\/post"}],"author":[{"embeddable":true,"href":"https:\/\/archive.sana.sy\/tr\/index.php?rest_route=\/wp\/v2\/users\/39"}],"replies":[{"embeddable":true,"href":"https:\/\/archive.sana.sy\/tr\/index.php?rest_route=%2Fwp%2Fv2%2Fcomments&post=316781"}],"version-history":[{"count":1,"href":"https:\/\/archive.sana.sy\/tr\/index.php?rest_route=\/wp\/v2\/posts\/316781\/revisions"}],"predecessor-version":[{"id":316783,"href":"https:\/\/archive.sana.sy\/tr\/index.php?rest_route=\/wp\/v2\/posts\/316781\/revisions\/316783"}],"wp:featuredmedia":[{"embeddable":true,"href":"https:\/\/archive.sana.sy\/tr\/index.php?rest_route=\/wp\/v2\/media\/316782"}],"wp:attachment":[{"href":"https:\/\/archive.sana.sy\/tr\/index.php?rest_route=%2Fwp%2Fv2%2Fmedia&parent=316781"}],"wp:term":[{"taxonomy":"category","embeddable":true,"href":"https:\/\/archive.sana.sy\/tr\/index.php?rest_route=%2Fwp%2Fv2%2Fcategories&post=316781"},{"taxonomy":"post_tag","embeddable":true,"href":"https:\/\/archive.sana.sy\/tr\/index.php?rest_route=%2Fwp%2Fv2%2Ftags&post=316781"}],"curies":[{"name":"wp","href":"https:\/\/api.w.org\/{rel}","templated":true}]}}