{"id":316784,"date":"2025-03-10T10:33:27","date_gmt":"2025-03-10T07:33:27","guid":{"rendered":"https:\/\/sana.sy\/tr\/?p=316784"},"modified":"2025-03-10T10:33:27","modified_gmt":"2025-03-10T07:33:27","slug":"suriyenin-komsu-ulkeler-toplantisinin-sonuc-bildirisi-suriyenin-guvenligi-ve-istikrari-bolgedeki-guvenlik-ve-istikrarin-temel-diregidir","status":"publish","type":"post","link":"https:\/\/archive.sana.sy\/tr\/?p=316784","title":{"rendered":"Suriye&#8217;nin Kom\u015fu \u00dclkeler Toplant\u0131s\u0131n\u0131n Sonu\u00e7 Bildirisi: Suriye&#8217;nin G\u00fcvenli\u011fi Ve \u0130stikrar\u0131, B\u00f6lgedeki G\u00fcvenlik Ve \u0130stikrar\u0131n Temel Dire\u011fidir"},"content":{"rendered":"<p style=\"text-align: justify;\"><strong>AMMAN (SANA) \u2013<\/strong> Suriye&#8217;nin kom\u015fu \u00fclkeler aras\u0131nda yap\u0131lan toplant\u0131n\u0131n sonu\u00e7 bildirisinde, Suriye&#8217;nin g\u00fcvenlik ve istikrar\u0131n\u0131n b\u00f6lgedeki g\u00fcvenlik ve istikrar\u0131n temel dire\u011fi oldu\u011fu teyit edilirken, Suriye&#8217;nin g\u00fcvenli\u011fine, egemenli\u011fine ve bar\u0131\u015f\u0131na y\u00f6nelik her t\u00fcrl\u00fc giri\u015fim k\u0131nand\u0131.<\/p>\n<p style=\"text-align: justify;\">Bildiride, Suriye&#8217;ye y\u00f6nelik yapt\u0131r\u0131mlar\u0131n kald\u0131r\u0131lmas\u0131, ekonomik, ticari ve yat\u0131r\u0131m i\u015f birli\u011finin geli\u015ftirilmesi ve altyap\u0131 in\u015fas\u0131nda i\u015fbirli\u011fi yap\u0131lmas\u0131 \u00e7a\u011fr\u0131s\u0131nda bulunularak, anavatanlar\u0131n\u0131 yeniden in\u015fa etme \u00e7abalar\u0131nda Suriye halk\u0131n\u0131n yan\u0131nda yer al\u0131nd\u0131\u011f\u0131, \u0130srail&#8217;in Suriye topraklar\u0131na y\u00f6nelik sald\u0131rganl\u0131\u011f\u0131n\u0131 ve ter\u00f6rizmin her t\u00fcr\u00fcn\u00fc k\u0131nad\u0131\u011f\u0131 ve bununla askeri, g\u00fcvenlik ve entelekt\u00fcel a\u00e7\u0131dan m\u00fccadelede i\u015f birli\u011fi yap\u0131ld\u0131\u011f\u0131 vurguland\u0131.<\/p>\n<p style=\"text-align: justify;\">Suriye&#8217;nin kom\u015fu \u00fclkeler toplant\u0131s\u0131n\u0131n sonu\u00e7 bildirisindeki en \u00f6nemli noktalar \u015funlard\u0131r:<\/p>\n<p style=\"text-align: justify;\">\n\u2022 Suriye&#8217;nin g\u00fcvenli\u011fini, istikrar\u0131n\u0131, egemenli\u011fini ve toprak b\u00fct\u00fcnl\u00fc\u011f\u00fcn\u00fc garanti alt\u0131na alan, t\u00fcm halk\u0131n haklar\u0131n\u0131 ve g\u00fcvenli\u011fini koruyan temeller \u00fczerinde vatan\u0131n\u0131 yeniden in\u015fa etme \u00e7abalar\u0131nda karde\u015f Suriye halk\u0131n\u0131n yan\u0131nda yer almak.<br \/>\n\u2022 karde\u015f Suriye&#8217;nin g\u00fcvenli\u011fini, egemenli\u011fini ve bar\u0131\u015f\u0131n\u0131 hedef alan t\u00fcm giri\u015fim ve gruplar\u0131 k\u0131nayarak, Suriye&#8217;nin g\u00fcvenlik ve istikrar\u0131n\u0131n, b\u00f6lgenin g\u00fcvenlik ve istikrar\u0131n\u0131n temel dire\u011fi oldu\u011funu vurgulamak.<br \/>\n\u2022 \u0130srail&#8217;in Suriye topraklar\u0131na y\u00f6nelik sald\u0131rganl\u0131\u011f\u0131n\u0131 ve \u0130srail&#8217;in, uluslararas\u0131 hukukun a\u00e7\u0131k bir ihlali, Suriye&#8217;nin egemenli\u011fine ve toprak b\u00fct\u00fcnl\u00fc\u011f\u00fcne sald\u0131r\u0131 ve daha fazla \u00e7at\u0131\u015fmaya yol a\u00e7acak bir t\u0131rman\u0131\u015f te\u015fkil etmesi nedeniyle Suriye&#8217;nin i\u015flerine m\u00fcdahale etme giri\u015fimlerini k\u0131namak. Uluslararas\u0131 topluma ve G\u00fcvenlik Konseyi&#8217;ne, uluslararas\u0131 hukukun ve uluslararas\u0131 insanc\u0131l hukukun uygulanmas\u0131nda rol oynama, \u0130srail&#8217;in bu sald\u0131rganl\u0131\u011f\u0131n\u0131 durdurma, \u0130srail&#8217;in i\u015fgal etti\u011fi t\u00fcm Suriye topraklar\u0131ndan \u00e7ekilmesini sa\u011flama, buraya y\u00f6nelik sald\u0131r\u0131lar\u0131 durdurma ve 1974&#8217;te Suriye ile \u0130srail aras\u0131nda imzalanan ayr\u0131lma anla\u015fmas\u0131na sayg\u0131 g\u00f6sterme konusunda \u00e7a\u011fr\u0131da bulunmak.<br \/>\n\u2022 Suriye Ulusal Diyalog Konferans\u0131n\u0131n sonu\u00e7lar\u0131n\u0131n memnuniyetle kar\u015f\u0131land\u0131\u011f\u0131n\u0131 ve Suriyeli karde\u015flerin, konferans\u0131n a\u00e7\u0131klad\u0131\u011f\u0131 anayasa bildirgesini bir an \u00f6nce yay\u0131nlamaya te\u015fvik etti\u011fini belirtmek.<br \/>\n\u2022 Ter\u00f6r\u00fcn her t\u00fcr\u00fcn\u00fc k\u0131namak, ter\u00f6rle askeri, g\u00fcvenlik ve entelekt\u00fcel a\u00e7\u0131dan m\u00fccadelede i\u015fbirli\u011fi yapmak ve ter\u00f6r \u00f6rg\u00fct\u00fc I\u015e\u0130D ile m\u00fccadelede koordinasyon ve i\u015fbirli\u011fi i\u00e7in ortak bir operasyon merkezi olu\u015fturmak ve bu \u00f6rg\u00fct\u00fcn ve Suriye&#8217;nin, b\u00f6lgenin ve d\u00fcnyan\u0131n g\u00fcvenli\u011fine y\u00f6nelik olu\u015fturdu\u011fu tehdidin ortadan kald\u0131r\u0131lmas\u0131na yol a\u00e7acak mevcut b\u00f6lgesel ve uluslararas\u0131 \u00e7abalar\u0131 ve eylem platformlar\u0131n\u0131 desteklemek.<br \/>\n\u2022 Uyu\u015fturucu ve silah ka\u00e7ak\u00e7\u0131l\u0131\u011f\u0131 ve s\u0131n\u0131r \u00f6tesi organize su\u00e7larla m\u00fccadelede i\u015fbirli\u011fi yapmak ve bu ba\u011flamda Suriye&#8217;ye destek ve yard\u0131m sa\u011flamak.<br \/>\n\u2022 Suriye&#8217;yi yeniden in\u015fa \u00e7abalar\u0131nda desteklemek ve erken iyile\u015ftirme projelerine y\u00f6nelik hedeflenen yard\u0131m\u0131n hacmini art\u0131rmak i\u00e7in uluslararas\u0131 deste\u011fi harekete ge\u00e7irmek, \u00fclkeyi yeniden in\u015fa etme yeteneklerini geli\u015ftirmek ve yeniden in\u015fa \u00e7abalar\u0131n\u0131n kar\u015f\u0131la\u015ft\u0131\u011f\u0131 t\u00fcm engelleri a\u015fmak.<br \/>\n\u2022 Suriye halk\u0131n\u0131n ihtiya\u00e7lar\u0131n\u0131 yeniden in\u015fa etme ve kar\u015f\u0131lama kapasitesini art\u0131rmak i\u00e7in Suriye&#8217;ye y\u00f6nelik yapt\u0131r\u0131mlar\u0131n kald\u0131r\u0131lmas\u0131n\u0131n gereklili\u011fini vurgulamak.<br \/>\n\u2022 Suriye ile kom\u015fu \u00fclkeleri aras\u0131nda ekonomik kalk\u0131nman\u0131n art\u0131r\u0131lmas\u0131na katk\u0131da bulunacak \u015fekilde ekonomik, ticari ve yat\u0131r\u0131m i\u015f birli\u011finin ve enerji ve ula\u015ft\u0131rma sekt\u00f6rleri de dahil olmak \u00fczere altyap\u0131 in\u015fas\u0131nda i\u015fbirli\u011finin g\u00fc\u00e7lendirilmesi.<br \/>\n\u2022 B\u00f6lge \u00fclkeleri, uluslararas\u0131 toplum ve ilgili Birle\u015fmi\u015f Milletler kurulu\u015flar\u0131yla i\u015fbirli\u011fi i\u00e7inde, Suriyeli m\u00fcltecilerin uluslararas\u0131 hukuka uygun olarak anavatanlar\u0131na g\u00fcvenli ve s\u00fcrd\u00fcr\u00fclebilir bir \u015fekilde geri d\u00f6nmelerini sa\u011flayacak g\u00fcvenlik, ya\u015fam ve siyasi ko\u015fullar\u0131 olu\u015fturmak i\u00e7in birlikte \u00e7al\u0131\u015fmak. M\u00fcltecilerin Suriye&#8217;ye d\u00f6n\u00fc\u015f\u00fc tamamlanana kadar uluslararas\u0131 toplumun, ev sahibi \u00fclkelerdeki m\u00fcltecilere y\u00f6nelik t\u00fcm sorumluluklar\u0131n\u0131 yerine getirmeye devam etmesi gerekti\u011fini vurgulamak.<br \/>\n\u2022 Bir araya gelen \u00fclkeler aras\u0131nda bug\u00fcnk\u00fc m\u00fczakerelerin \u00fczerine in\u015fa edilmesi ve bunlarla ilgili gerekli kararlar\u0131n al\u0131nmas\u0131 amac\u0131yla \u00f6n\u00fcm\u00fczdeki ay T\u00fcrkiye&#8217;de ikinci tur toplant\u0131lar ger\u00e7ekle\u015ftirilecek.<\/p>\n","protected":false},"excerpt":{"rendered":"<p>AMMAN (SANA) \u2013 Suriye&#8217;nin kom\u015fu \u00fclkeler aras\u0131nda yap\u0131lan toplant\u0131n\u0131n sonu\u00e7 bildirisinde, Suriye&#8217;nin g\u00fcvenlik ve istikrar\u0131n\u0131n b\u00f6lgedeki g\u00fcvenlik ve istikrar\u0131n temel dire\u011fi oldu\u011fu teyit edilirken, Suriye&#8217;nin g\u00fcvenli\u011fine, egemenli\u011fine ve bar\u0131\u015f\u0131na y\u00f6nelik her t\u00fcrl\u00fc giri\u015fim k\u0131nand\u0131. Bildiride, Suriye&#8217;ye y\u00f6nelik yapt\u0131r\u0131mlar\u0131n kald\u0131r\u0131lmas\u0131, ekonomik, ticari ve yat\u0131r\u0131m i\u015f birli\u011finin geli\u015ftirilmesi ve altyap\u0131 in\u015fas\u0131nda i\u015fbirli\u011fi yap\u0131lmas\u0131 \u00e7a\u011fr\u0131s\u0131nda bulunularak, anavatanlar\u0131n\u0131 yeniden &hellip;<\/p>\n","protected":false},"author":39,"featured_media":316785,"comment_status":"closed","ping_status":"closed","sticky":false,"template":"","format":"standard","meta":{"footnotes":""},"categories":[458,589,459,17988],"tags":[],"class_list":["post-316784","post","type-post","status-publish","format-standard","has-post-thumbnail","","category-dunya1","category-haber-seridi","category-haberler-arap-uluslararasi-politika","category-son-haberler"],"_links":{"self":[{"href":"https:\/\/archive.sana.sy\/tr\/index.php?rest_route=\/wp\/v2\/posts\/316784","targetHints":{"allow":["GET"]}}],"collection":[{"href":"https:\/\/archive.sana.sy\/tr\/index.php?rest_route=\/wp\/v2\/posts"}],"about":[{"href":"https:\/\/archive.sana.sy\/tr\/index.php?rest_route=\/wp\/v2\/types\/post"}],"author":[{"embeddable":true,"href":"https:\/\/archive.sana.sy\/tr\/index.php?rest_route=\/wp\/v2\/users\/39"}],"replies":[{"embeddable":true,"href":"https:\/\/archive.sana.sy\/tr\/index.php?rest_route=%2Fwp%2Fv2%2Fcomments&post=316784"}],"version-history":[{"count":1,"href":"https:\/\/archive.sana.sy\/tr\/index.php?rest_route=\/wp\/v2\/posts\/316784\/revisions"}],"predecessor-version":[{"id":316786,"href":"https:\/\/archive.sana.sy\/tr\/index.php?rest_route=\/wp\/v2\/posts\/316784\/revisions\/316786"}],"wp:featuredmedia":[{"embeddable":true,"href":"https:\/\/archive.sana.sy\/tr\/index.php?rest_route=\/wp\/v2\/media\/316785"}],"wp:attachment":[{"href":"https:\/\/archive.sana.sy\/tr\/index.php?rest_route=%2Fwp%2Fv2%2Fmedia&parent=316784"}],"wp:term":[{"taxonomy":"category","embeddable":true,"href":"https:\/\/archive.sana.sy\/tr\/index.php?rest_route=%2Fwp%2Fv2%2Fcategories&post=316784"},{"taxonomy":"post_tag","embeddable":true,"href":"https:\/\/archive.sana.sy\/tr\/index.php?rest_route=%2Fwp%2Fv2%2Ftags&post=316784"}],"curies":[{"name":"wp","href":"https:\/\/api.w.org\/{rel}","templated":true}]}}