{"id":316792,"date":"2025-03-10T13:04:53","date_gmt":"2025-03-10T10:04:53","guid":{"rendered":"https:\/\/sana.sy\/tr\/?p=316792"},"modified":"2025-03-10T14:05:54","modified_gmt":"2025-03-10T11:05:54","slug":"turkiye-adalet-ve-kalkinma-partisi-sahil-kesimindeki-guvenlik-guclerini-hedef-almak-suriyenin-birligini-hedef-alan-bir-teror-saldirisidir","status":"publish","type":"post","link":"https:\/\/archive.sana.sy\/tr\/?p=316792","title":{"rendered":"T\u00fcrkiye Adalet ve Kalk\u0131nma Partisi: Sahil Kesimindeki G\u00fcvenlik G\u00fc\u00e7lerini Hedef Almak, Suriye&#8217;nin Birli\u011fini Hedef Alan Bir Ter\u00f6r Sald\u0131r\u0131s\u0131d\u0131r"},"content":{"rendered":"<p style=\"text-align: justify;\"><span style=\"color: #800000;\"><strong>ANKAR <\/strong><strong>(SANA)<\/strong> &#8211;<\/span> \u00a0Adalet ve Kalk\u0131nma Partisi Genel Ba\u015fkan Yard\u0131mc\u0131s\u0131 \u00d6mer \u00c7elik, Suriye sahilindeki g\u00fcvenlik g\u00fc\u00e7lerini hedef alan son sald\u0131r\u0131n\u0131n, Suriye&#8217;nin birlik ve istikrar\u0131n\u0131 hedef alan bir ter\u00f6r sald\u0131r\u0131s\u0131 oldu\u011funu belirtti.<\/p>\n<p style=\"text-align: justify;\">Anadolu Ajans\u0131&#8217;n\u0131n haberine g\u00f6re \u00c7elik, \u015funlar\u0131 s\u00f6yledi: \u2018\u2019Adalet ve Kalk\u0131nma Partisi, Tartus ve Lazkiye vilayetlerinde ya\u015fanan son geli\u015fmeleri yak\u0131ndan takip ederek, Suriye&#8217;yi istikrars\u0131zla\u015ft\u0131rmaya y\u00f6nelik her t\u00fcrl\u00fc giri\u015fimin \u00fclkesi taraf\u0131ndan tamamen reddedildi\u011fini vurguluyor.\u2019\u2019<\/p>\n","protected":false},"excerpt":{"rendered":"<p>ANKAR (SANA) &#8211; \u00a0Adalet ve Kalk\u0131nma Partisi Genel Ba\u015fkan Yard\u0131mc\u0131s\u0131 \u00d6mer \u00c7elik, Suriye sahilindeki g\u00fcvenlik g\u00fc\u00e7lerini hedef alan son sald\u0131r\u0131n\u0131n, Suriye&#8217;nin birlik ve istikrar\u0131n\u0131 hedef alan bir ter\u00f6r sald\u0131r\u0131s\u0131 oldu\u011funu belirtti. Anadolu Ajans\u0131&#8217;n\u0131n haberine g\u00f6re \u00c7elik, \u015funlar\u0131 s\u00f6yledi: \u2018\u2019Adalet ve Kalk\u0131nma Partisi, Tartus ve Lazkiye vilayetlerinde ya\u015fanan son geli\u015fmeleri yak\u0131ndan takip ederek, Suriye&#8217;yi istikrars\u0131zla\u015ft\u0131rmaya y\u00f6nelik &hellip;<\/p>\n","protected":false},"author":41,"featured_media":316793,"comment_status":"closed","ping_status":"closed","sticky":false,"template":"","format":"standard","meta":{"footnotes":""},"categories":[458,589,459,17988],"tags":[43515,43514],"class_list":["post-316792","post","type-post","status-publish","format-standard","has-post-thumbnail","","category-dunya1","category-haber-seridi","category-haberler-arap-uluslararasi-politika","category-son-haberler","tag-suriyenin-birligini-hedef-alan-bir-teror-saldirisidir","tag-turkiye-adalet-ve-kalkinma-partisi-sahil-kesimindeki-guvenlik-guclerini-hedef-almak"],"_links":{"self":[{"href":"https:\/\/archive.sana.sy\/tr\/index.php?rest_route=\/wp\/v2\/posts\/316792","targetHints":{"allow":["GET"]}}],"collection":[{"href":"https:\/\/archive.sana.sy\/tr\/index.php?rest_route=\/wp\/v2\/posts"}],"about":[{"href":"https:\/\/archive.sana.sy\/tr\/index.php?rest_route=\/wp\/v2\/types\/post"}],"author":[{"embeddable":true,"href":"https:\/\/archive.sana.sy\/tr\/index.php?rest_route=\/wp\/v2\/users\/41"}],"replies":[{"embeddable":true,"href":"https:\/\/archive.sana.sy\/tr\/index.php?rest_route=%2Fwp%2Fv2%2Fcomments&post=316792"}],"version-history":[{"count":1,"href":"https:\/\/archive.sana.sy\/tr\/index.php?rest_route=\/wp\/v2\/posts\/316792\/revisions"}],"predecessor-version":[{"id":316794,"href":"https:\/\/archive.sana.sy\/tr\/index.php?rest_route=\/wp\/v2\/posts\/316792\/revisions\/316794"}],"wp:featuredmedia":[{"embeddable":true,"href":"https:\/\/archive.sana.sy\/tr\/index.php?rest_route=\/wp\/v2\/media\/316793"}],"wp:attachment":[{"href":"https:\/\/archive.sana.sy\/tr\/index.php?rest_route=%2Fwp%2Fv2%2Fmedia&parent=316792"}],"wp:term":[{"taxonomy":"category","embeddable":true,"href":"https:\/\/archive.sana.sy\/tr\/index.php?rest_route=%2Fwp%2Fv2%2Fcategories&post=316792"},{"taxonomy":"post_tag","embeddable":true,"href":"https:\/\/archive.sana.sy\/tr\/index.php?rest_route=%2Fwp%2Fv2%2Ftags&post=316792"}],"curies":[{"name":"wp","href":"https:\/\/api.w.org\/{rel}","templated":true}]}}