{"id":316795,"date":"2025-03-10T14:10:20","date_gmt":"2025-03-10T11:10:20","guid":{"rendered":"https:\/\/sana.sy\/tr\/?p=316795"},"modified":"2025-03-11T08:29:25","modified_gmt":"2025-03-11T05:29:25","slug":"sayin-cumhurbaskani-ahmed-el-sara-sivil-barisi-korumak-icin-ust-komite-kurulmasina-karar-verdi","status":"publish","type":"post","link":"https:\/\/archive.sana.sy\/tr\/?p=316795","title":{"rendered":"Say\u0131n Cumhurba\u015fkan\u0131 Ahmed El \u015eara, Sivil Bar\u0131\u015f\u0131 Korumak \u0130\u00e7in \u00dcst Komite Kurulmas\u0131na Karar Verdi"},"content":{"rendered":"<p style=\"text-align: justify;\"><span style=\"color: #800000;\"><strong>\u015eAM (SANA)<\/strong> <\/span>&#8211; Suriye Arap Cumhuriyeti Cumhurba\u015fkan\u0131 Say\u0131n Ahmed El \u015eara, bug\u00fcn i\u00e7 bar\u0131\u015f\u0131 korumak i\u00e7in \u00fcst komite kurulmas\u0131 y\u00f6n\u00fcnde karar ald\u0131.<\/p>\n<p style=\"text-align: justify;\"><span style=\"color: #0000ff;\"><strong>Komiteye a\u015fa\u011f\u0131daki g\u00f6revler verilir:<\/strong><\/span><\/p>\n<p style=\"text-align: justify;\">&#8211; Suriye sahilindeki insanlarla do\u011frudan ileti\u015fim kurmak, onlar\u0131 dinlemek.<\/p>\n<p style=\"text-align: justify;\">&#8211; Suriye sahilindeki halk\u0131m\u0131za g\u00fcvenlik ve istikrar\u0131n\u0131n korunmas\u0131n\u0131 sa\u011flamak amac\u0131yla gerekli deste\u011fi sunmak.<\/p>\n<p style=\"text-align: justify;\">&#8211; Bu hassas d\u00f6nemde milli birli\u011fimizi g\u00fc\u00e7lendirmek i\u00e7in \u00e7al\u0131\u015fmak.<\/p>\n","protected":false},"excerpt":{"rendered":"<p>\u015eAM (SANA) &#8211; Suriye Arap Cumhuriyeti Cumhurba\u015fkan\u0131 Say\u0131n Ahmed El \u015eara, bug\u00fcn i\u00e7 bar\u0131\u015f\u0131 korumak i\u00e7in \u00fcst komite kurulmas\u0131 y\u00f6n\u00fcnde karar ald\u0131. Komiteye a\u015fa\u011f\u0131daki g\u00f6revler verilir: &#8211; Suriye sahilindeki insanlarla do\u011frudan ileti\u015fim kurmak, onlar\u0131 dinlemek. &#8211; Suriye sahilindeki halk\u0131m\u0131za g\u00fcvenlik ve istikrar\u0131n\u0131n korunmas\u0131n\u0131 sa\u011flamak amac\u0131yla gerekli deste\u011fi sunmak. &#8211; Bu hassas d\u00f6nemde milli birli\u011fimizi g\u00fc\u00e7lendirmek &hellip;<\/p>\n","protected":false},"author":41,"featured_media":316796,"comment_status":"closed","ping_status":"closed","sticky":false,"template":"","format":"standard","meta":{"footnotes":""},"categories":[605,17988,612],"tags":[43288,43516],"class_list":["post-316795","post","type-post","status-publish","format-standard","has-post-thumbnail","","category-sayin-cumhurbaskani","category-son-haberler","category-yasama-kararnameler","tag-sayin-cumhurbaskani-ahmed-el-sara","tag-sivil-barisi-korumak-icin-ust-komite-kurulmasina-karar-verdi"],"_links":{"self":[{"href":"https:\/\/archive.sana.sy\/tr\/index.php?rest_route=\/wp\/v2\/posts\/316795","targetHints":{"allow":["GET"]}}],"collection":[{"href":"https:\/\/archive.sana.sy\/tr\/index.php?rest_route=\/wp\/v2\/posts"}],"about":[{"href":"https:\/\/archive.sana.sy\/tr\/index.php?rest_route=\/wp\/v2\/types\/post"}],"author":[{"embeddable":true,"href":"https:\/\/archive.sana.sy\/tr\/index.php?rest_route=\/wp\/v2\/users\/41"}],"replies":[{"embeddable":true,"href":"https:\/\/archive.sana.sy\/tr\/index.php?rest_route=%2Fwp%2Fv2%2Fcomments&post=316795"}],"version-history":[{"count":1,"href":"https:\/\/archive.sana.sy\/tr\/index.php?rest_route=\/wp\/v2\/posts\/316795\/revisions"}],"predecessor-version":[{"id":316797,"href":"https:\/\/archive.sana.sy\/tr\/index.php?rest_route=\/wp\/v2\/posts\/316795\/revisions\/316797"}],"wp:featuredmedia":[{"embeddable":true,"href":"https:\/\/archive.sana.sy\/tr\/index.php?rest_route=\/wp\/v2\/media\/316796"}],"wp:attachment":[{"href":"https:\/\/archive.sana.sy\/tr\/index.php?rest_route=%2Fwp%2Fv2%2Fmedia&parent=316795"}],"wp:term":[{"taxonomy":"category","embeddable":true,"href":"https:\/\/archive.sana.sy\/tr\/index.php?rest_route=%2Fwp%2Fv2%2Fcategories&post=316795"},{"taxonomy":"post_tag","embeddable":true,"href":"https:\/\/archive.sana.sy\/tr\/index.php?rest_route=%2Fwp%2Fv2%2Ftags&post=316795"}],"curies":[{"name":"wp","href":"https:\/\/api.w.org\/{rel}","templated":true}]}}