{"id":316798,"date":"2025-03-10T14:24:00","date_gmt":"2025-03-10T11:24:00","guid":{"rendered":"https:\/\/sana.sy\/tr\/?p=316798"},"modified":"2025-03-11T08:29:25","modified_gmt":"2025-03-11T05:29:25","slug":"savunma-bakanligi-sozcusu-rejimin-sahildeki-kalintilarina-yonelik-askeri-operasyonun-sona-erdigini-ve-istikrari-artirmak-icin-guvenlik-guclerinin-calismaya-devam-ettigini-duyurdu","status":"publish","type":"post","link":"https:\/\/archive.sana.sy\/tr\/?p=316798","title":{"rendered":"Savunma Bakanl\u0131\u011f\u0131 S\u00f6zc\u00fcs\u00fc, Rejimin Sahildeki Kal\u0131nt\u0131lar\u0131na Y\u00f6nelik Askeri Operasyonun Sona Erdi\u011fini Ve \u0130stikrar\u0131 Art\u0131rmak \u0130\u00e7in G\u00fcvenlik G\u00fc\u00e7lerinin \u00c7al\u0131\u015fmaya Devam Etti\u011fini Duyurdu"},"content":{"rendered":"<p style=\"text-align: justify;\"><span style=\"color: #800000;\"><strong>\u015eAM (SANA)<\/strong> <\/span>&#8211; Savunma Bakanl\u0131\u011f\u0131 S\u00f6zc\u00fcs\u00fc Albay H\u00fcseyin Abdulgani, rejimin sahil kesimindeki kal\u0131nt\u0131lar\u0131na y\u00f6nelik askeri operasyonun hedeflerine ula\u015fmas\u0131n\u0131n ard\u0131ndan sona erdi\u011fini duyurarak, kamu kurumlar\u0131n\u0131n hayat\u0131n normale d\u00f6nmesi i\u00e7in \u00e7al\u0131\u015fmalar\u0131n\u0131 s\u00fcrd\u00fcrebileceklerini, g\u00fcvenlik g\u00fc\u00e7lerinin halk\u0131n istikrar\u0131n\u0131 ve g\u00fcvenli\u011fini sa\u011flamak i\u00e7in \u00e7al\u0131\u015fmaya devam edece\u011fini, soru\u015fturma komisyonunun ger\u00e7ekleri ortaya \u00e7\u0131karmak ve mazlumlara adalet sa\u011flamak i\u00e7in tam imkana sahip olaca\u011f\u0131n\u0131 vurgulad\u0131.<\/p>\n<p style=\"text-align: justify;\">Albay Abdulgani bug\u00fcn X platformunda payla\u015ft\u0131\u011f\u0131 tweetlerde \u015funlar\u0131 s\u00f6yledi: \u2018\u2019Operasyonun ikinci a\u015fmas\u0131n\u0131n ba\u015flat\u0131lmas\u0131yla aziz halk\u0131m\u0131za verdi\u011fimiz s\u00f6z\u00fc yerine getirerek, Allah&#8217;\u0131n ve ard\u0131ndan askerlerimizin azmi sayesinde kuvvetlerimizin bu a\u015famada belirlenen t\u00fcm hedeflere ula\u015fmada ba\u015far\u0131l\u0131 oldu\u011funu duyuruyoruz.\u2019\u2019<\/p>\n<p style=\"text-align: justify;\">Suriye Savunma Bakanl\u0131\u011f\u0131 S\u00f6zc\u00fcs\u00fc Albay Hasan Abdulgani ayr\u0131ca, \u00a0\u2018\u2019Allah&#8217;a \u015f\u00fck\u00fcrler olsun ki, \u00e7\u00f6km\u00fc\u015f rejimin kal\u0131nt\u0131lar\u0131n\u0131n ve subaylar\u0131n\u0131n sald\u0131r\u0131lar\u0131n\u0131 bertaraf edebildik, onlar\u0131n s\u00fcrpriz unsurlar\u0131n\u0131 yok edebildik ve onlar\u0131 hayati merkezlerden uzak tutmay\u0131 ba\u015fard\u0131k ve kal\u0131nt\u0131lar\u0131n sivilleri ve masum insanlar\u0131 hedef almak i\u00e7in hareket noktas\u0131 olarak kulland\u0131klar\u0131 kamu yollar\u0131n\u0131n \u00e7o\u011funu g\u00fcvence alt\u0131na ald\u0131k.\u2019\u2019 ifadelerini kulland\u0131.<\/p>\n<p style=\"text-align: justify;\">Suriye Savunma Bakanl\u0131\u011f\u0131 S\u00f6zc\u00fcs\u00fc Albay Hasan Abdulgani \u015funlar\u0131 da ekledi: \u2018\u2019G\u00fc\u00e7lerimiz, Lazkiye Vilayeti&#8217;ne ba\u011fl\u0131 El Muhtariye, El Muzayria, El-Zobar b\u00f6lgesi ve di\u011fer yerle\u015fim birimleri ile Tartus Vilayeti&#8217;ne ba\u011fl\u0131 El Daliyah, Tanita ve El Kadmus yerle\u015fim birimlerindeki g\u00fcvenlik h\u00fccrelerini ve devrik rejimin kal\u0131nt\u0131lar\u0131n\u0131 etkisiz hale getirerek tehditleri bertaraf etmi\u015f ve b\u00f6lgeyi g\u00fcvenlik alt\u0131na alm\u0131\u015ft\u0131r.\u2019\u2019<\/p>\n<p style=\"text-align: justify;\">Albay Abdulgani \u015fu ifadelerle s\u00f6zlerini tamamlad\u0131: \u2018\u2019Bu ba\u015far\u0131yla, daha \u00f6nce belirtilen hedefler do\u011frultusunda ba\u015flat\u0131lan askeri operasyon sona erdi\u011fini, kamu kurumlar\u0131m\u0131z\u0131n yeniden \u00e7al\u0131\u015fmalar\u0131na ba\u015flayarak, hayat\u0131n normale d\u00f6nmesi i\u00e7in halk\u0131m\u0131za temel hizmetleri sunmaya, g\u00fcvenlik ve istikrar\u0131 sa\u011flamaya y\u00f6nelik \u00e7al\u0131\u015fmalar\u0131n\u0131 s\u00fcrd\u00fcrd\u00fc\u011f\u00fcn\u00fc duyuruyoruz.\u2019\u2019<\/p>\n<p style=\"text-align: justify;\">\n","protected":false},"excerpt":{"rendered":"<p>\u015eAM (SANA) &#8211; Savunma Bakanl\u0131\u011f\u0131 S\u00f6zc\u00fcs\u00fc Albay H\u00fcseyin Abdulgani, rejimin sahil kesimindeki kal\u0131nt\u0131lar\u0131na y\u00f6nelik askeri operasyonun hedeflerine ula\u015fmas\u0131n\u0131n ard\u0131ndan sona erdi\u011fini duyurarak, kamu kurumlar\u0131n\u0131n hayat\u0131n normale d\u00f6nmesi i\u00e7in \u00e7al\u0131\u015fmalar\u0131n\u0131 s\u00fcrd\u00fcrebileceklerini, g\u00fcvenlik g\u00fc\u00e7lerinin halk\u0131n istikrar\u0131n\u0131 ve g\u00fcvenli\u011fini sa\u011flamak i\u00e7in \u00e7al\u0131\u015fmaya devam edece\u011fini, soru\u015fturma komisyonunun ger\u00e7ekleri ortaya \u00e7\u0131karmak ve mazlumlara adalet sa\u011flamak i\u00e7in tam imkana sahip olaca\u011f\u0131n\u0131 &hellip;<\/p>\n","protected":false},"author":41,"featured_media":316799,"comment_status":"closed","ping_status":"closed","sticky":false,"template":"","format":"standard","meta":{"footnotes":""},"categories":[479,17988,478],"tags":[43518,43517],"class_list":["post-316798","post","type-post","status-publish","format-standard","has-post-thumbnail","","category-haberler-yerel","category-son-haberler","category-yerel","tag-rejimin-sahildeki-kalintilarina-yonelik-askeri-operasyonun-sona-erdigini-ve-istikrari-artirmak-icin-guvenlik-guclerinin-calismaya-devam-ettigini-duyurdu","tag-savunma-bakanligi-sozcusu"],"_links":{"self":[{"href":"https:\/\/archive.sana.sy\/tr\/index.php?rest_route=\/wp\/v2\/posts\/316798","targetHints":{"allow":["GET"]}}],"collection":[{"href":"https:\/\/archive.sana.sy\/tr\/index.php?rest_route=\/wp\/v2\/posts"}],"about":[{"href":"https:\/\/archive.sana.sy\/tr\/index.php?rest_route=\/wp\/v2\/types\/post"}],"author":[{"embeddable":true,"href":"https:\/\/archive.sana.sy\/tr\/index.php?rest_route=\/wp\/v2\/users\/41"}],"replies":[{"embeddable":true,"href":"https:\/\/archive.sana.sy\/tr\/index.php?rest_route=%2Fwp%2Fv2%2Fcomments&post=316798"}],"version-history":[{"count":1,"href":"https:\/\/archive.sana.sy\/tr\/index.php?rest_route=\/wp\/v2\/posts\/316798\/revisions"}],"predecessor-version":[{"id":316800,"href":"https:\/\/archive.sana.sy\/tr\/index.php?rest_route=\/wp\/v2\/posts\/316798\/revisions\/316800"}],"wp:featuredmedia":[{"embeddable":true,"href":"https:\/\/archive.sana.sy\/tr\/index.php?rest_route=\/wp\/v2\/media\/316799"}],"wp:attachment":[{"href":"https:\/\/archive.sana.sy\/tr\/index.php?rest_route=%2Fwp%2Fv2%2Fmedia&parent=316798"}],"wp:term":[{"taxonomy":"category","embeddable":true,"href":"https:\/\/archive.sana.sy\/tr\/index.php?rest_route=%2Fwp%2Fv2%2Fcategories&post=316798"},{"taxonomy":"post_tag","embeddable":true,"href":"https:\/\/archive.sana.sy\/tr\/index.php?rest_route=%2Fwp%2Fv2%2Ftags&post=316798"}],"curies":[{"name":"wp","href":"https:\/\/api.w.org\/{rel}","templated":true}]}}