{"id":316826,"date":"2025-03-11T06:24:06","date_gmt":"2025-03-11T03:24:06","guid":{"rendered":"https:\/\/sana.sy\/tr\/?p=316826"},"modified":"2025-03-11T17:21:20","modified_gmt":"2025-03-11T14:21:20","slug":"cumhurbaskani-el-sara-suriye-bir-hukuk-devletidir-ve-hukuk-herkes-icin-kendi-yolunu-izleyecektir","status":"publish","type":"post","link":"https:\/\/archive.sana.sy\/tr\/?p=316826","title":{"rendered":"Cumhurba\u015fkan\u0131 El \u015eara: Suriye Bir Hukuk Devletidir Ve Hukuk Herkes \u0130\u00e7in Kendi Yolunu \u0130zleyecektir"},"content":{"rendered":"<p style=\"text-align: justify;\"><strong><span style=\"color: #800000;\">\u015eAM (SANA)<\/span> &#8211;<\/strong>\u00a0 Cumhurba\u015fkan\u0131 Ahmed El \u015eara, Suriye&#8217;nin bir hukuk devleti oldu\u011funu ve hukukun herkes i\u00e7in ge\u00e7erli olaca\u011f\u0131n\u0131 vurgulayark, insanlar\u0131n kutsall\u0131\u011f\u0131na, kan\u0131na veya paras\u0131na y\u00f6nelik sald\u0131r\u0131n\u0131n Suriye&#8217;de k\u0131rm\u0131z\u0131 bir \u00e7izgi oldu\u011funu ve bir damla kan\u0131n haks\u0131z yere d\u00f6k\u00fcld\u00fc\u011f\u00fcn\u00fc veya bu kan\u0131n hesap verebilirlik veya ceza olmadan bo\u015funa d\u00f6k\u00fcld\u00fc\u011f\u00fcn\u00fc kabul etmedi\u011fini kaydetti.<\/p>\n<p style=\"text-align: justify;\"><span style=\"color: #0000ff;\"><strong>Say\u0131n Cumhurba\u015fkan\u0131 Ahmed El \u015eara, Reuters&#8217;a verdi\u011fi r\u00f6portajda <\/strong><strong>\u015funlar\u0131 s\u00f6yledi: <\/strong><\/span><\/p>\n<p style=\"text-align: justify;\">Suriye bir hukuk devletidir ve hukuk herkes i\u00e7in kendi yolunu izleyecektir. Biz esasen bu rejime kar\u015f\u0131 \u00e7\u0131kmak i\u00e7in \u00e7\u0131kt\u0131k ve \u015eam&#8217;a sadece mazlum insanlara destek olmak i\u00e7in geldik.<\/p>\n<p style=\"text-align: justify;\">Haks\u0131z yere bir damla kan d\u00f6k\u00fclmesini veya bu kan\u0131n hesap ve ceza verilmeden bo\u015f yere d\u00f6k\u00fclmesini asla kabul etmiyoruz; bu, en yak\u0131n\u0131m\u0131zdakilerden veya en uza\u011f\u0131m\u0131zdakilerden kim olursa olsun fark etmez. \u0130nsanlar\u0131n mahremiyetini ihlal etmek, kan\u0131n\u0131 veya paras\u0131n\u0131 \u00e7i\u011fnemek, i\u015fte Suriye&#8217;de k\u0131rm\u0131z\u0131 \u00e7izgidir.<\/p>\n<p style=\"text-align: justify;\">\u0130ki g\u00fcn \u00f6nce ya\u015fanan olay y\u00fcr\u00fcy\u00fc\u015f\u00fc etkileyecektir, in\u015fallah elimizden geldi\u011fince durumu d\u00fczeltece\u011fiz. Halk aras\u0131nda i\u00e7 bar\u0131\u015f\u0131 ve uzla\u015fmay\u0131 sa\u011flamak i\u00e7in bir komite kuruldu. \u00c7\u00fcnk\u00fc kan, kan\u0131 getirir.<\/p>\n<p style=\"text-align: justify;\">Say\u0131n Cumhurba\u015fkan\u0131 Ahmed El \u015eara: Esad yanl\u0131lar\u0131 ve m\u00fcttefik yabanc\u0131 bir devlet, huzursuzluk \u00e7\u0131karmak ve mezhepsel \u00e7at\u0131\u015fma yaratmak i\u00e7in \u00e7at\u0131\u015fmalar\u0131 k\u00f6r\u00fckleyenlerdir. Bu, Suriye&#8217;de istikrars\u0131zl\u0131k ve g\u00fcvensizlik ortam\u0131 yaratmak i\u00e7indir.<\/p>\n<p style=\"text-align: justify;\">G\u00fcvenlik ve ekonomik refah, Esad rejimine uygulanan ABD yapt\u0131r\u0131mlar\u0131n\u0131n kald\u0131r\u0131lmas\u0131yla do\u011frudan ba\u011flant\u0131l\u0131d\u0131r. Yapt\u0131r\u0131mlar y\u00fcr\u00fcrl\u00fckteyken \u00fclkede g\u00fcvenli\u011fi sa\u011flayamay\u0131z.<\/p>\n<p style=\"text-align: justify;\">Suriye ile Rusya aras\u0131nda bir \u00e7atlak olu\u015fmas\u0131n\u0131 istemiyoruz, Rusya&#8217;n\u0131n Suriye&#8217;deki varl\u0131\u011f\u0131n\u0131n d\u00fcnyadaki hi\u00e7bir \u00fclke i\u00e7in tehlike veya tehdit olu\u015fturmas\u0131n\u0131 istemiyoruz ve bu derin stratejik ili\u015fkilerimizi s\u00fcrd\u00fcrmek istiyoruz.<\/p>\n","protected":false},"excerpt":{"rendered":"<p>\u015eAM (SANA) &#8211;\u00a0 Cumhurba\u015fkan\u0131 Ahmed El \u015eara, Suriye&#8217;nin bir hukuk devleti oldu\u011funu ve hukukun herkes i\u00e7in ge\u00e7erli olaca\u011f\u0131n\u0131 vurgulayark, insanlar\u0131n kutsall\u0131\u011f\u0131na, kan\u0131na veya paras\u0131na y\u00f6nelik sald\u0131r\u0131n\u0131n Suriye&#8217;de k\u0131rm\u0131z\u0131 bir \u00e7izgi oldu\u011funu ve bir damla kan\u0131n haks\u0131z yere d\u00f6k\u00fcld\u00fc\u011f\u00fcn\u00fc veya bu kan\u0131n hesap verebilirlik veya ceza olmadan bo\u015funa d\u00f6k\u00fcld\u00fc\u011f\u00fcn\u00fc kabul etmedi\u011fini kaydetti. Say\u0131n Cumhurba\u015fkan\u0131 Ahmed El &hellip;<\/p>\n","protected":false},"author":36,"featured_media":316827,"comment_status":"closed","ping_status":"closed","sticky":false,"template":"","format":"standard","meta":{"footnotes":""},"categories":[606,605,17988],"tags":[],"class_list":["post-316826","post","type-post","status-publish","format-standard","has-post-thumbnail","","category-cumhurbaskani","category-sayin-cumhurbaskani","category-son-haberler"],"_links":{"self":[{"href":"https:\/\/archive.sana.sy\/tr\/index.php?rest_route=\/wp\/v2\/posts\/316826","targetHints":{"allow":["GET"]}}],"collection":[{"href":"https:\/\/archive.sana.sy\/tr\/index.php?rest_route=\/wp\/v2\/posts"}],"about":[{"href":"https:\/\/archive.sana.sy\/tr\/index.php?rest_route=\/wp\/v2\/types\/post"}],"author":[{"embeddable":true,"href":"https:\/\/archive.sana.sy\/tr\/index.php?rest_route=\/wp\/v2\/users\/36"}],"replies":[{"embeddable":true,"href":"https:\/\/archive.sana.sy\/tr\/index.php?rest_route=%2Fwp%2Fv2%2Fcomments&post=316826"}],"version-history":[{"count":3,"href":"https:\/\/archive.sana.sy\/tr\/index.php?rest_route=\/wp\/v2\/posts\/316826\/revisions"}],"predecessor-version":[{"id":316889,"href":"https:\/\/archive.sana.sy\/tr\/index.php?rest_route=\/wp\/v2\/posts\/316826\/revisions\/316889"}],"wp:featuredmedia":[{"embeddable":true,"href":"https:\/\/archive.sana.sy\/tr\/index.php?rest_route=\/wp\/v2\/media\/316827"}],"wp:attachment":[{"href":"https:\/\/archive.sana.sy\/tr\/index.php?rest_route=%2Fwp%2Fv2%2Fmedia&parent=316826"}],"wp:term":[{"taxonomy":"category","embeddable":true,"href":"https:\/\/archive.sana.sy\/tr\/index.php?rest_route=%2Fwp%2Fv2%2Fcategories&post=316826"},{"taxonomy":"post_tag","embeddable":true,"href":"https:\/\/archive.sana.sy\/tr\/index.php?rest_route=%2Fwp%2Fv2%2Ftags&post=316826"}],"curies":[{"name":"wp","href":"https:\/\/api.w.org\/{rel}","templated":true}]}}