{"id":316839,"date":"2025-03-11T08:32:09","date_gmt":"2025-03-11T05:32:09","guid":{"rendered":"https:\/\/sana.sy\/tr\/?p=316839"},"modified":"2025-03-12T09:27:05","modified_gmt":"2025-03-12T06:27:05","slug":"cumhurbaskani-el-saranin-suriye-kiyisindaki-son-olaylari-arastirmak-ve-gercekleri-tespit-etmekle-gorevli-komite-uyeleriyle-gorustu","status":"publish","type":"post","link":"https:\/\/archive.sana.sy\/tr\/?p=316839","title":{"rendered":"Cumhurba\u015fkan\u0131 El \u015eara&#8217;n\u0131n Suriye K\u0131y\u0131s\u0131ndaki Son Olaylar\u0131 Ara\u015ft\u0131rmak Ve Ger\u00e7ekleri Tespit Etmekle G\u00f6revli Komite \u00dcyeleriyle G\u00f6r\u00fc\u015ft\u00fc"},"content":{"rendered":"<p style=\"text-align: justify;\"><span style=\"color: #800000;\"><strong>\u015eAM (SANA) &#8211;<\/strong><\/span> Say\u0131n Ba\u015fkan Ahmed El \u015eara, Suriye k\u0131y\u0131s\u0131ndaki son olaylar\u0131 ara\u015ft\u0131rmak ve ger\u00e7ekleri tespit etmekle g\u00f6revli komite \u00fcyeleriyle bir araya geldi.<\/p>\n<div id='gallery-1' class='gallery galleryid-316839 gallery-columns-1 gallery-size-full'><figure class='gallery-item'>\n\t\t\t<div class='gallery-icon landscape'>\n\t\t\t\t<a href='https:\/\/archive.sana.sy\/tr\/wp-content\/uploads\/2025\/03\/2-8.jpg'><img loading=\"lazy\" decoding=\"async\" width=\"2560\" height=\"1437\" src=\"https:\/\/archive.sana.sy\/tr\/wp-content\/uploads\/2025\/03\/2-8.jpg\" class=\"attachment-full size-full\" alt=\"\" srcset=\"https:\/\/archive.sana.sy\/tr\/wp-content\/uploads\/2025\/03\/2-8.jpg 2560w, https:\/\/archive.sana.sy\/tr\/wp-content\/uploads\/2025\/03\/2-8-300x168.jpg 300w, https:\/\/archive.sana.sy\/tr\/wp-content\/uploads\/2025\/03\/2-8-1024x575.jpg 1024w, https:\/\/archive.sana.sy\/tr\/wp-content\/uploads\/2025\/03\/2-8-768x431.jpg 768w, https:\/\/archive.sana.sy\/tr\/wp-content\/uploads\/2025\/03\/2-8-1536x862.jpg 1536w, https:\/\/archive.sana.sy\/tr\/wp-content\/uploads\/2025\/03\/2-8-2048x1150.jpg 2048w\" sizes=\"auto, (max-width: 2560px) 100vw, 2560px\" \/><\/a>\n\t\t\t<\/div><\/figure><figure class='gallery-item'>\n\t\t\t<div class='gallery-icon landscape'>\n\t\t\t\t<a href='https:\/\/archive.sana.sy\/tr\/wp-content\/uploads\/2025\/03\/3-8.jpg'><img loading=\"lazy\" decoding=\"async\" width=\"2560\" height=\"1437\" src=\"https:\/\/archive.sana.sy\/tr\/wp-content\/uploads\/2025\/03\/3-8.jpg\" class=\"attachment-full size-full\" alt=\"\" srcset=\"https:\/\/archive.sana.sy\/tr\/wp-content\/uploads\/2025\/03\/3-8.jpg 2560w, https:\/\/archive.sana.sy\/tr\/wp-content\/uploads\/2025\/03\/3-8-300x168.jpg 300w, https:\/\/archive.sana.sy\/tr\/wp-content\/uploads\/2025\/03\/3-8-1024x575.jpg 1024w, https:\/\/archive.sana.sy\/tr\/wp-content\/uploads\/2025\/03\/3-8-768x431.jpg 768w, https:\/\/archive.sana.sy\/tr\/wp-content\/uploads\/2025\/03\/3-8-1536x862.jpg 1536w, https:\/\/archive.sana.sy\/tr\/wp-content\/uploads\/2025\/03\/3-8-2048x1150.jpg 2048w\" sizes=\"auto, (max-width: 2560px) 100vw, 2560px\" \/><\/a>\n\t\t\t<\/div><\/figure>\n\t\t<\/div>\n\n","protected":false},"excerpt":{"rendered":"<p>\u015eAM (SANA) &#8211; Say\u0131n Ba\u015fkan Ahmed El \u015eara, Suriye k\u0131y\u0131s\u0131ndaki son olaylar\u0131 ara\u015ft\u0131rmak ve ger\u00e7ekleri tespit etmekle g\u00f6revli komite \u00fcyeleriyle bir araya geldi.<\/p>\n","protected":false},"author":36,"featured_media":316840,"comment_status":"closed","ping_status":"closed","sticky":false,"template":"","format":"standard","meta":{"footnotes":""},"categories":[606,596,605,17988],"tags":[],"class_list":["post-316839","post","type-post","status-publish","format-standard","has-post-thumbnail","","category-cumhurbaskani","category-fotografli-raporlar","category-sayin-cumhurbaskani","category-son-haberler"],"_links":{"self":[{"href":"https:\/\/archive.sana.sy\/tr\/index.php?rest_route=\/wp\/v2\/posts\/316839","targetHints":{"allow":["GET"]}}],"collection":[{"href":"https:\/\/archive.sana.sy\/tr\/index.php?rest_route=\/wp\/v2\/posts"}],"about":[{"href":"https:\/\/archive.sana.sy\/tr\/index.php?rest_route=\/wp\/v2\/types\/post"}],"author":[{"embeddable":true,"href":"https:\/\/archive.sana.sy\/tr\/index.php?rest_route=\/wp\/v2\/users\/36"}],"replies":[{"embeddable":true,"href":"https:\/\/archive.sana.sy\/tr\/index.php?rest_route=%2Fwp%2Fv2%2Fcomments&post=316839"}],"version-history":[{"count":2,"href":"https:\/\/archive.sana.sy\/tr\/index.php?rest_route=\/wp\/v2\/posts\/316839\/revisions"}],"predecessor-version":[{"id":316869,"href":"https:\/\/archive.sana.sy\/tr\/index.php?rest_route=\/wp\/v2\/posts\/316839\/revisions\/316869"}],"wp:featuredmedia":[{"embeddable":true,"href":"https:\/\/archive.sana.sy\/tr\/index.php?rest_route=\/wp\/v2\/media\/316840"}],"wp:attachment":[{"href":"https:\/\/archive.sana.sy\/tr\/index.php?rest_route=%2Fwp%2Fv2%2Fmedia&parent=316839"}],"wp:term":[{"taxonomy":"category","embeddable":true,"href":"https:\/\/archive.sana.sy\/tr\/index.php?rest_route=%2Fwp%2Fv2%2Fcategories&post=316839"},{"taxonomy":"post_tag","embeddable":true,"href":"https:\/\/archive.sana.sy\/tr\/index.php?rest_route=%2Fwp%2Fv2%2Ftags&post=316839"}],"curies":[{"name":"wp","href":"https:\/\/api.w.org\/{rel}","templated":true}]}}