{"id":316861,"date":"2025-03-11T12:31:39","date_gmt":"2025-03-11T09:31:39","guid":{"rendered":"https:\/\/sana.sy\/tr\/?p=316861"},"modified":"2025-03-13T08:33:44","modified_gmt":"2025-03-13T05:33:44","slug":"sayin-cumhurbaskani-ahmed-el-sara-el-suveyda-valiliginden-bir-heyetle-gorustu","status":"publish","type":"post","link":"https:\/\/archive.sana.sy\/tr\/?p=316861","title":{"rendered":"Say\u0131n Cumhurba\u015fkan\u0131 Ahmed El \u015eara, El S\u00fcveyda Valili\u011fi&#8217;nden Bir Heyetle G\u00f6r\u00fc\u015ft\u00fc"},"content":{"rendered":"<p style=\"text-align: justify;\"><strong><span style=\"color: #800000;\">\u015eAM (SANA)<\/span> \u2013 <\/strong>Cumhurba\u015fkan\u0131 Ahmed El \u015eara, S\u00fcveyda Valisi Dr. Mustafa El Bakur ve S\u00fcveyda&#8217;daki baz\u0131 aktivistler ve \u00f6zg\u00fcr insanlarla \u015eam&#8217;daki Halk Saray\u0131&#8217;nda bir araya geldi.<\/p>\n<p style=\"text-align: justify;\">S\u00fcveyda Valili\u011fi, Telegram kanal\u0131nda kat\u0131l\u0131mc\u0131lar\u0131n \u00f6nemli ulusal ve yerel konular hakk\u0131nda sohbet ettiklerini belirtti.<\/p>\n<p style=\"text-align: justify;\">Toplant\u0131da ayr\u0131ca, zorlu b\u00f6lgesel ve uluslararas\u0131 ko\u015fullara ve Suriye topraklar\u0131n\u0131n ve halk\u0131n\u0131n birli\u011fine kar\u015f\u0131 olu\u015fturulan planlara ra\u011fmen \u00f6zg\u00fcr Suriyelilerin, Suriye halk\u0131n\u0131n t\u00fcm mezhepleri i\u00e7in adaletin, hukukun ve adil temsilin hakim oldu\u011fu bir vatan \u00f6zleminin ya\u015fand\u0131\u011f\u0131 Suriye hayat\u0131ndaki bu tarihi a\u015faman\u0131n \u00f6nemi de vurguland\u0131.<\/p>\n<div id='gallery-1' class='gallery galleryid-316861 gallery-columns-1 gallery-size-full'><figure class='gallery-item'>\n\t\t\t<div class='gallery-icon landscape'>\n\t\t\t\t<a href='https:\/\/archive.sana.sy\/tr\/wp-content\/uploads\/2025\/03\/photo_2025-03-11_12-32-46.jpg'><img loading=\"lazy\" decoding=\"async\" width=\"1280\" height=\"718\" src=\"https:\/\/archive.sana.sy\/tr\/wp-content\/uploads\/2025\/03\/photo_2025-03-11_12-32-46.jpg\" class=\"attachment-full size-full\" alt=\"\" srcset=\"https:\/\/archive.sana.sy\/tr\/wp-content\/uploads\/2025\/03\/photo_2025-03-11_12-32-46.jpg 1280w, https:\/\/archive.sana.sy\/tr\/wp-content\/uploads\/2025\/03\/photo_2025-03-11_12-32-46-300x168.jpg 300w, https:\/\/archive.sana.sy\/tr\/wp-content\/uploads\/2025\/03\/photo_2025-03-11_12-32-46-1024x574.jpg 1024w, https:\/\/archive.sana.sy\/tr\/wp-content\/uploads\/2025\/03\/photo_2025-03-11_12-32-46-768x431.jpg 768w\" sizes=\"auto, (max-width: 1280px) 100vw, 1280px\" \/><\/a>\n\t\t\t<\/div><\/figure><figure class='gallery-item'>\n\t\t\t<div class='gallery-icon landscape'>\n\t\t\t\t<a href='https:\/\/archive.sana.sy\/tr\/wp-content\/uploads\/2025\/03\/photo_2025-03-11_12-32-47.jpg'><img loading=\"lazy\" decoding=\"async\" width=\"1280\" height=\"718\" src=\"https:\/\/archive.sana.sy\/tr\/wp-content\/uploads\/2025\/03\/photo_2025-03-11_12-32-47.jpg\" class=\"attachment-full size-full\" alt=\"\" srcset=\"https:\/\/archive.sana.sy\/tr\/wp-content\/uploads\/2025\/03\/photo_2025-03-11_12-32-47.jpg 1280w, https:\/\/archive.sana.sy\/tr\/wp-content\/uploads\/2025\/03\/photo_2025-03-11_12-32-47-300x168.jpg 300w, https:\/\/archive.sana.sy\/tr\/wp-content\/uploads\/2025\/03\/photo_2025-03-11_12-32-47-1024x574.jpg 1024w, https:\/\/archive.sana.sy\/tr\/wp-content\/uploads\/2025\/03\/photo_2025-03-11_12-32-47-768x431.jpg 768w\" sizes=\"auto, (max-width: 1280px) 100vw, 1280px\" \/><\/a>\n\t\t\t<\/div><\/figure><figure class='gallery-item'>\n\t\t\t<div class='gallery-icon landscape'>\n\t\t\t\t<a href='https:\/\/archive.sana.sy\/tr\/wp-content\/uploads\/2025\/03\/photo_2025-03-11_12-32-49.jpg'><img loading=\"lazy\" decoding=\"async\" width=\"1280\" height=\"719\" src=\"https:\/\/archive.sana.sy\/tr\/wp-content\/uploads\/2025\/03\/photo_2025-03-11_12-32-49.jpg\" class=\"attachment-full size-full\" alt=\"\" srcset=\"https:\/\/archive.sana.sy\/tr\/wp-content\/uploads\/2025\/03\/photo_2025-03-11_12-32-49.jpg 1280w, https:\/\/archive.sana.sy\/tr\/wp-content\/uploads\/2025\/03\/photo_2025-03-11_12-32-49-300x169.jpg 300w, https:\/\/archive.sana.sy\/tr\/wp-content\/uploads\/2025\/03\/photo_2025-03-11_12-32-49-1024x575.jpg 1024w, https:\/\/archive.sana.sy\/tr\/wp-content\/uploads\/2025\/03\/photo_2025-03-11_12-32-49-768x431.jpg 768w\" sizes=\"auto, (max-width: 1280px) 100vw, 1280px\" \/><\/a>\n\t\t\t<\/div><\/figure><figure class='gallery-item'>\n\t\t\t<div class='gallery-icon landscape'>\n\t\t\t\t<a href='https:\/\/archive.sana.sy\/tr\/wp-content\/uploads\/2025\/03\/photo_2025-03-11_12-32-50.jpg'><img loading=\"lazy\" decoding=\"async\" width=\"1280\" height=\"718\" src=\"https:\/\/archive.sana.sy\/tr\/wp-content\/uploads\/2025\/03\/photo_2025-03-11_12-32-50.jpg\" class=\"attachment-full size-full\" alt=\"\" srcset=\"https:\/\/archive.sana.sy\/tr\/wp-content\/uploads\/2025\/03\/photo_2025-03-11_12-32-50.jpg 1280w, https:\/\/archive.sana.sy\/tr\/wp-content\/uploads\/2025\/03\/photo_2025-03-11_12-32-50-300x168.jpg 300w, https:\/\/archive.sana.sy\/tr\/wp-content\/uploads\/2025\/03\/photo_2025-03-11_12-32-50-1024x574.jpg 1024w, https:\/\/archive.sana.sy\/tr\/wp-content\/uploads\/2025\/03\/photo_2025-03-11_12-32-50-768x431.jpg 768w\" sizes=\"auto, (max-width: 1280px) 100vw, 1280px\" \/><\/a>\n\t\t\t<\/div><\/figure>\n\t\t<\/div>\n\n","protected":false},"excerpt":{"rendered":"<p>\u015eAM (SANA) \u2013 Cumhurba\u015fkan\u0131 Ahmed El \u015eara, S\u00fcveyda Valisi Dr. Mustafa El Bakur ve S\u00fcveyda&#8217;daki baz\u0131 aktivistler ve \u00f6zg\u00fcr insanlarla \u015eam&#8217;daki Halk Saray\u0131&#8217;nda bir araya geldi. S\u00fcveyda Valili\u011fi, Telegram kanal\u0131nda kat\u0131l\u0131mc\u0131lar\u0131n \u00f6nemli ulusal ve yerel konular hakk\u0131nda sohbet ettiklerini belirtti. Toplant\u0131da ayr\u0131ca, zorlu b\u00f6lgesel ve uluslararas\u0131 ko\u015fullara ve Suriye topraklar\u0131n\u0131n ve halk\u0131n\u0131n birli\u011fine kar\u015f\u0131 olu\u015fturulan &hellip;<\/p>\n","protected":false},"author":36,"featured_media":316862,"comment_status":"closed","ping_status":"closed","sticky":false,"template":"","format":"standard","meta":{"footnotes":""},"categories":[606,596,605,17988],"tags":[],"class_list":["post-316861","post","type-post","status-publish","format-standard","has-post-thumbnail","","category-cumhurbaskani","category-fotografli-raporlar","category-sayin-cumhurbaskani","category-son-haberler"],"_links":{"self":[{"href":"https:\/\/archive.sana.sy\/tr\/index.php?rest_route=\/wp\/v2\/posts\/316861","targetHints":{"allow":["GET"]}}],"collection":[{"href":"https:\/\/archive.sana.sy\/tr\/index.php?rest_route=\/wp\/v2\/posts"}],"about":[{"href":"https:\/\/archive.sana.sy\/tr\/index.php?rest_route=\/wp\/v2\/types\/post"}],"author":[{"embeddable":true,"href":"https:\/\/archive.sana.sy\/tr\/index.php?rest_route=\/wp\/v2\/users\/36"}],"replies":[{"embeddable":true,"href":"https:\/\/archive.sana.sy\/tr\/index.php?rest_route=%2Fwp%2Fv2%2Fcomments&post=316861"}],"version-history":[{"count":2,"href":"https:\/\/archive.sana.sy\/tr\/index.php?rest_route=\/wp\/v2\/posts\/316861\/revisions"}],"predecessor-version":[{"id":316868,"href":"https:\/\/archive.sana.sy\/tr\/index.php?rest_route=\/wp\/v2\/posts\/316861\/revisions\/316868"}],"wp:featuredmedia":[{"embeddable":true,"href":"https:\/\/archive.sana.sy\/tr\/index.php?rest_route=\/wp\/v2\/media\/316862"}],"wp:attachment":[{"href":"https:\/\/archive.sana.sy\/tr\/index.php?rest_route=%2Fwp%2Fv2%2Fmedia&parent=316861"}],"wp:term":[{"taxonomy":"category","embeddable":true,"href":"https:\/\/archive.sana.sy\/tr\/index.php?rest_route=%2Fwp%2Fv2%2Fcategories&post=316861"},{"taxonomy":"post_tag","embeddable":true,"href":"https:\/\/archive.sana.sy\/tr\/index.php?rest_route=%2Fwp%2Fv2%2Ftags&post=316861"}],"curies":[{"name":"wp","href":"https:\/\/api.w.org\/{rel}","templated":true}]}}