{"id":316924,"date":"2025-03-12T10:33:58","date_gmt":"2025-03-12T07:33:58","guid":{"rendered":"https:\/\/sana.sy\/tr\/?p=316924"},"modified":"2025-03-12T14:21:29","modified_gmt":"2025-03-12T11:21:29","slug":"abd-disisleri-bakanligi-suriye-demokratik-guclerinin-suriye-arap-cumhuriyeti-kurumlarina-entegre-edilmesine-iliskin-anlasmayi-memnuniyetle-karsiladi","status":"publish","type":"post","link":"https:\/\/archive.sana.sy\/tr\/?p=316924","title":{"rendered":"ABD D\u0131\u015fi\u015fleri Bakanl\u0131\u011f\u0131, Suriye Demokratik G\u00fc\u00e7leri&#8217;nin Suriye Arap Cumhuriyeti Kurumlar\u0131na Entegre Edilmesine \u0130li\u015fkin Anla\u015fmay\u0131 Memnuniyetle Kar\u015f\u0131lad\u0131"},"content":{"rendered":"<p style=\"text-align: justify;\"><span style=\"color: #800000;\"><strong>VA\u015e\u0130NGTON<\/strong> <\/span><strong><span style=\"color: #800000;\">(SANA)<\/span> \u2013 <\/strong>ABD D\u0131\u015fi\u015fleri Bakanl\u0131\u011f\u0131, Suriye Demokratik G\u00fc\u00e7leri&#8217;nin Suriye Arap Cumhuriyeti kurumlar\u0131na entegre edilmesine ili\u015fkin anla\u015fmay\u0131 memnuniyetle kar\u015f\u0131lad\u0131.<\/p>\n<p style=\"text-align: justify;\">Reuters, ABD D\u0131\u015fi\u015fleri Bakan\u0131 Marco Rubio&#8217;nun bir a\u00e7\u0131klama yaparak \u015funlar\u0131 s\u00f6yledi\u011fini aktard\u0131: \u201cSuriye y\u00f6netimi ile Suriye Demokratik G\u00fc\u00e7leri aras\u0131nda yak\u0131n zamanda duyurulan, kuzeydo\u011funun birle\u015fik bir Suriye i\u00e7inde b\u00fct\u00fcnle\u015ftirilmesine y\u00f6nelik anla\u015fmay\u0131 memnuniyetle kar\u015f\u0131l\u0131yoruz.\u201d<\/p>\n<p style=\"text-align: justify;\">\n","protected":false},"excerpt":{"rendered":"<p>VA\u015e\u0130NGTON (SANA) \u2013 ABD D\u0131\u015fi\u015fleri Bakanl\u0131\u011f\u0131, Suriye Demokratik G\u00fc\u00e7leri&#8217;nin Suriye Arap Cumhuriyeti kurumlar\u0131na entegre edilmesine ili\u015fkin anla\u015fmay\u0131 memnuniyetle kar\u015f\u0131lad\u0131. Reuters, ABD D\u0131\u015fi\u015fleri Bakan\u0131 Marco Rubio&#8217;nun bir a\u00e7\u0131klama yaparak \u015funlar\u0131 s\u00f6yledi\u011fini aktard\u0131: \u201cSuriye y\u00f6netimi ile Suriye Demokratik G\u00fc\u00e7leri aras\u0131nda yak\u0131n zamanda duyurulan, kuzeydo\u011funun birle\u015fik bir Suriye i\u00e7inde b\u00fct\u00fcnle\u015ftirilmesine y\u00f6nelik anla\u015fmay\u0131 memnuniyetle kar\u015f\u0131l\u0131yoruz.\u201d<\/p>\n","protected":false},"author":39,"featured_media":316925,"comment_status":"closed","ping_status":"closed","sticky":false,"template":"","format":"standard","meta":{"footnotes":""},"categories":[458,589,459,17988],"tags":[],"class_list":["post-316924","post","type-post","status-publish","format-standard","has-post-thumbnail","","category-dunya1","category-haber-seridi","category-haberler-arap-uluslararasi-politika","category-son-haberler"],"_links":{"self":[{"href":"https:\/\/archive.sana.sy\/tr\/index.php?rest_route=\/wp\/v2\/posts\/316924","targetHints":{"allow":["GET"]}}],"collection":[{"href":"https:\/\/archive.sana.sy\/tr\/index.php?rest_route=\/wp\/v2\/posts"}],"about":[{"href":"https:\/\/archive.sana.sy\/tr\/index.php?rest_route=\/wp\/v2\/types\/post"}],"author":[{"embeddable":true,"href":"https:\/\/archive.sana.sy\/tr\/index.php?rest_route=\/wp\/v2\/users\/39"}],"replies":[{"embeddable":true,"href":"https:\/\/archive.sana.sy\/tr\/index.php?rest_route=%2Fwp%2Fv2%2Fcomments&post=316924"}],"version-history":[{"count":2,"href":"https:\/\/archive.sana.sy\/tr\/index.php?rest_route=\/wp\/v2\/posts\/316924\/revisions"}],"predecessor-version":[{"id":316941,"href":"https:\/\/archive.sana.sy\/tr\/index.php?rest_route=\/wp\/v2\/posts\/316924\/revisions\/316941"}],"wp:featuredmedia":[{"embeddable":true,"href":"https:\/\/archive.sana.sy\/tr\/index.php?rest_route=\/wp\/v2\/media\/316925"}],"wp:attachment":[{"href":"https:\/\/archive.sana.sy\/tr\/index.php?rest_route=%2Fwp%2Fv2%2Fmedia&parent=316924"}],"wp:term":[{"taxonomy":"category","embeddable":true,"href":"https:\/\/archive.sana.sy\/tr\/index.php?rest_route=%2Fwp%2Fv2%2Fcategories&post=316924"},{"taxonomy":"post_tag","embeddable":true,"href":"https:\/\/archive.sana.sy\/tr\/index.php?rest_route=%2Fwp%2Fv2%2Ftags&post=316924"}],"curies":[{"name":"wp","href":"https:\/\/api.w.org\/{rel}","templated":true}]}}