{"id":316927,"date":"2025-03-12T11:44:18","date_gmt":"2025-03-12T08:44:18","guid":{"rendered":"https:\/\/sana.sy\/tr\/?p=316927"},"modified":"2025-03-12T14:20:45","modified_gmt":"2025-03-12T11:20:45","slug":"islam-isbirligi-teskilati-suriye-demokratik-guclerinin-suriye-devlet-kurumlarina-entegre-edilmesine-yonelik-anlasma-ileriye-dogru-atilmis-bir-adimdir","status":"publish","type":"post","link":"https:\/\/archive.sana.sy\/tr\/?p=316927","title":{"rendered":"\u0130slam \u0130\u015fbirli\u011fi Te\u015fkilat\u0131: Suriye Demokratik G\u00fc\u00e7leri&#8217;nin Suriye Devlet Kurumlar\u0131na Entegre Edilmesine Y\u00f6nelik Anla\u015fma \u0130leriye Do\u011fru At\u0131lm\u0131\u015f Bir Ad\u0131md\u0131r"},"content":{"rendered":"<p style=\"text-align: justify;\"><strong><span style=\"color: #800000;\">C\u0130DDE (SANA)<\/span> &#8211; <\/strong>\u0130slam \u0130\u015fbirli\u011fi Te\u015fkilat\u0131 Genel Sekreterli\u011fi, Suriye Demokratik G\u00fc\u00e7lerinin Suriye devlet kurumlar\u0131na entegre edilmesine y\u00f6nelik anla\u015fmay\u0131 memnuniyetle kar\u015f\u0131lad\u0131.<\/p>\n<p style=\"text-align: justify;\">Sekretarya, web sitesinde yay\u0131nlanan bir bildiride, anla\u015fman\u0131n Suriye&#8217;nin birli\u011fini ve egemenli\u011fini korumak ve t\u00fcm Suriye halk\u0131n\u0131n isteklerini ger\u00e7ekle\u015ftirmek i\u00e7in Suriye devletinin kurumlar\u0131n\u0131 in\u015fa etme y\u00f6n\u00fcnde ileriye do\u011fru at\u0131lm\u0131\u015f bir ad\u0131m\u0131 temsil etti\u011fini vurgulad\u0131.<\/p>\n","protected":false},"excerpt":{"rendered":"<p>C\u0130DDE (SANA) &#8211; \u0130slam \u0130\u015fbirli\u011fi Te\u015fkilat\u0131 Genel Sekreterli\u011fi, Suriye Demokratik G\u00fc\u00e7lerinin Suriye devlet kurumlar\u0131na entegre edilmesine y\u00f6nelik anla\u015fmay\u0131 memnuniyetle kar\u015f\u0131lad\u0131. Sekretarya, web sitesinde yay\u0131nlanan bir bildiride, anla\u015fman\u0131n Suriye&#8217;nin birli\u011fini ve egemenli\u011fini korumak ve t\u00fcm Suriye halk\u0131n\u0131n isteklerini ger\u00e7ekle\u015ftirmek i\u00e7in Suriye devletinin kurumlar\u0131n\u0131 in\u015fa etme y\u00f6n\u00fcnde ileriye do\u011fru at\u0131lm\u0131\u015f bir ad\u0131m\u0131 temsil etti\u011fini vurgulad\u0131.<\/p>\n","protected":false},"author":39,"featured_media":316928,"comment_status":"closed","ping_status":"closed","sticky":false,"template":"","format":"standard","meta":{"footnotes":""},"categories":[458,589,459,17988],"tags":[],"class_list":["post-316927","post","type-post","status-publish","format-standard","has-post-thumbnail","","category-dunya1","category-haber-seridi","category-haberler-arap-uluslararasi-politika","category-son-haberler"],"_links":{"self":[{"href":"https:\/\/archive.sana.sy\/tr\/index.php?rest_route=\/wp\/v2\/posts\/316927","targetHints":{"allow":["GET"]}}],"collection":[{"href":"https:\/\/archive.sana.sy\/tr\/index.php?rest_route=\/wp\/v2\/posts"}],"about":[{"href":"https:\/\/archive.sana.sy\/tr\/index.php?rest_route=\/wp\/v2\/types\/post"}],"author":[{"embeddable":true,"href":"https:\/\/archive.sana.sy\/tr\/index.php?rest_route=\/wp\/v2\/users\/39"}],"replies":[{"embeddable":true,"href":"https:\/\/archive.sana.sy\/tr\/index.php?rest_route=%2Fwp%2Fv2%2Fcomments&post=316927"}],"version-history":[{"count":2,"href":"https:\/\/archive.sana.sy\/tr\/index.php?rest_route=\/wp\/v2\/posts\/316927\/revisions"}],"predecessor-version":[{"id":316940,"href":"https:\/\/archive.sana.sy\/tr\/index.php?rest_route=\/wp\/v2\/posts\/316927\/revisions\/316940"}],"wp:featuredmedia":[{"embeddable":true,"href":"https:\/\/archive.sana.sy\/tr\/index.php?rest_route=\/wp\/v2\/media\/316928"}],"wp:attachment":[{"href":"https:\/\/archive.sana.sy\/tr\/index.php?rest_route=%2Fwp%2Fv2%2Fmedia&parent=316927"}],"wp:term":[{"taxonomy":"category","embeddable":true,"href":"https:\/\/archive.sana.sy\/tr\/index.php?rest_route=%2Fwp%2Fv2%2Fcategories&post=316927"},{"taxonomy":"post_tag","embeddable":true,"href":"https:\/\/archive.sana.sy\/tr\/index.php?rest_route=%2Fwp%2Fv2%2Ftags&post=316927"}],"curies":[{"name":"wp","href":"https:\/\/api.w.org\/{rel}","templated":true}]}}