{"id":316930,"date":"2025-03-12T12:30:52","date_gmt":"2025-03-12T09:30:52","guid":{"rendered":"https:\/\/sana.sy\/tr\/?p=316930"},"modified":"2025-03-12T14:18:10","modified_gmt":"2025-03-12T11:18:10","slug":"birlesmis-milletler-suriye-demokratik-guclerinin-suriye-arap-cumhuriyeti-kurumlarina-entegrasyonunu-memnuniyetle-karsiladi","status":"publish","type":"post","link":"https:\/\/archive.sana.sy\/tr\/?p=316930","title":{"rendered":"Birle\u015fmi\u015f Milletler, Suriye Demokratik G\u00fc\u00e7leri&#8217;nin Suriye Arap Cumhuriyeti Kurumlar\u0131na Entegrasyonunu Memnuniyetle Kar\u015f\u0131lad\u0131"},"content":{"rendered":"<p style=\"text-align: justify;\"><span style=\"color: #800000;\"><strong>NEW YORK<\/strong> <\/span><strong><span style=\"color: #800000;\">(SANA)<\/span> \u2013 <\/strong>Birle\u015fmi\u015f Milletler Genel Sekreteri S\u00f6zc\u00fcs\u00fc Stephane Dujarric, Suriye Demokratik G\u00fc\u00e7lerinin Suriye Arap Cumhuriyeti kurumlar\u0131na entegre edilmesine y\u00f6nelik anla\u015fmay\u0131 memnuniyetle kar\u015f\u0131lad\u0131.<\/p>\n<p style=\"text-align: justify;\">Dujarric ayr\u0131ca, Birle\u015fmi\u015f Milletler internet sitesinde yer alan habere g\u00f6re, d\u00fczenledi\u011fi bas\u0131n toplant\u0131s\u0131nda, Birle\u015fmi\u015f Milletler ortaklar\u0131yla ihtiya\u00e7 sahiplerine destek seferber etme \u00e7abalar\u0131n\u0131n bir par\u00e7as\u0131 olarak Suriye&#8217;ye s\u0131n\u0131r \u00f6tesi yard\u0131m g\u00f6nderme s\u00fcrecinin hala devam etti\u011fini a\u00e7\u0131klad\u0131.<\/p>\n<p style=\"text-align: justify;\">Ayn\u0131 ba\u011flamda Dujarric, uluslararas\u0131 \u00f6rg\u00fct\u00fcn Suriye&#8217;nin Suriye k\u0131y\u0131s\u0131ndaki olaylar\u0131 ara\u015ft\u0131rmak ve ara\u015ft\u0131rmak \u00fczere ba\u011f\u0131ms\u0131z bir ulusal komite kurmas\u0131n\u0131 memnuniyetle kar\u015f\u0131lad\u0131\u011f\u0131n\u0131 belirtti.<\/p>\n","protected":false},"excerpt":{"rendered":"<p>NEW YORK (SANA) \u2013 Birle\u015fmi\u015f Milletler Genel Sekreteri S\u00f6zc\u00fcs\u00fc Stephane Dujarric, Suriye Demokratik G\u00fc\u00e7lerinin Suriye Arap Cumhuriyeti kurumlar\u0131na entegre edilmesine y\u00f6nelik anla\u015fmay\u0131 memnuniyetle kar\u015f\u0131lad\u0131. Dujarric ayr\u0131ca, Birle\u015fmi\u015f Milletler internet sitesinde yer alan habere g\u00f6re, d\u00fczenledi\u011fi bas\u0131n toplant\u0131s\u0131nda, Birle\u015fmi\u015f Milletler ortaklar\u0131yla ihtiya\u00e7 sahiplerine destek seferber etme \u00e7abalar\u0131n\u0131n bir par\u00e7as\u0131 olarak Suriye&#8217;ye s\u0131n\u0131r \u00f6tesi yard\u0131m g\u00f6nderme s\u00fcrecinin &hellip;<\/p>\n","protected":false},"author":39,"featured_media":316931,"comment_status":"closed","ping_status":"closed","sticky":false,"template":"","format":"standard","meta":{"footnotes":""},"categories":[458,589,459,17988],"tags":[],"class_list":["post-316930","post","type-post","status-publish","format-standard","has-post-thumbnail","","category-dunya1","category-haber-seridi","category-haberler-arap-uluslararasi-politika","category-son-haberler"],"_links":{"self":[{"href":"https:\/\/archive.sana.sy\/tr\/index.php?rest_route=\/wp\/v2\/posts\/316930","targetHints":{"allow":["GET"]}}],"collection":[{"href":"https:\/\/archive.sana.sy\/tr\/index.php?rest_route=\/wp\/v2\/posts"}],"about":[{"href":"https:\/\/archive.sana.sy\/tr\/index.php?rest_route=\/wp\/v2\/types\/post"}],"author":[{"embeddable":true,"href":"https:\/\/archive.sana.sy\/tr\/index.php?rest_route=\/wp\/v2\/users\/39"}],"replies":[{"embeddable":true,"href":"https:\/\/archive.sana.sy\/tr\/index.php?rest_route=%2Fwp%2Fv2%2Fcomments&post=316930"}],"version-history":[{"count":2,"href":"https:\/\/archive.sana.sy\/tr\/index.php?rest_route=\/wp\/v2\/posts\/316930\/revisions"}],"predecessor-version":[{"id":316939,"href":"https:\/\/archive.sana.sy\/tr\/index.php?rest_route=\/wp\/v2\/posts\/316930\/revisions\/316939"}],"wp:featuredmedia":[{"embeddable":true,"href":"https:\/\/archive.sana.sy\/tr\/index.php?rest_route=\/wp\/v2\/media\/316931"}],"wp:attachment":[{"href":"https:\/\/archive.sana.sy\/tr\/index.php?rest_route=%2Fwp%2Fv2%2Fmedia&parent=316930"}],"wp:term":[{"taxonomy":"category","embeddable":true,"href":"https:\/\/archive.sana.sy\/tr\/index.php?rest_route=%2Fwp%2Fv2%2Fcategories&post=316930"},{"taxonomy":"post_tag","embeddable":true,"href":"https:\/\/archive.sana.sy\/tr\/index.php?rest_route=%2Fwp%2Fv2%2Ftags&post=316930"}],"curies":[{"name":"wp","href":"https:\/\/api.w.org\/{rel}","templated":true}]}}