{"id":316933,"date":"2025-03-12T12:35:39","date_gmt":"2025-03-12T09:35:39","guid":{"rendered":"https:\/\/sana.sy\/tr\/?p=316933"},"modified":"2025-03-12T14:16:23","modified_gmt":"2025-03-12T11:16:23","slug":"pedersen-suriye-demokratik-guclerinin-suriye-devlet-kurumlarina-entegre-edilmesine-yonelik-anlasmayi-memnuniyetle-karsiladi","status":"publish","type":"post","link":"https:\/\/archive.sana.sy\/tr\/?p=316933","title":{"rendered":"Pedersen, Suriye Demokratik G\u00fc\u00e7leri&#8217;nin Suriye Devlet Kurumlar\u0131na Entegre Edilmesine Y\u00f6nelik Anla\u015fmay\u0131 Memnuniyetle Kar\u015f\u0131lad\u0131"},"content":{"rendered":"<p style=\"text-align: justify;\"><span style=\"color: #800000;\"><strong>NEW YORK (SANA)-\u00a0 <\/strong><\/span>Birle\u015fmi\u015f Milletler Suriye \u00d6zel Temsilcisi Geir Pedersen, Suriye Demokratik G\u00fc\u00e7leri&#8217;nin Suriye devlet kurumlar\u0131na entegre edilmesine y\u00f6nelik anla\u015fmay\u0131 memnuniyetle kar\u015f\u0131layarak, bu anla\u015fman\u0131n daha geni\u015f, daha g\u00fcvenilir ve kapsaml\u0131 bir siyasi ge\u00e7i\u015f s\u00fcrecini destekleyece\u011fini umdu\u011funu ifade etti.<\/p>\n<p style=\"text-align: justify;\">Pedersen, X platformundaki hesab\u0131nda art arda att\u0131\u011f\u0131 tweetlerde, Amerika Birle\u015fik Devletleri, T\u00fcrkiye ve b\u00f6lgesel ortaklar da dahil olmak \u00fczere \u00f6nde gelen uluslararas\u0131 taraflara, \u00fclke \u00e7ap\u0131nda bir ate\u015fkesle Suriyelileri desteklemeleri ve kuzeydo\u011fu Suriye&#8217;de bar\u0131\u015f ve istikrar\u0131 peki\u015ftirecek ger\u00e7ek yerle\u015fimlere ula\u015f\u0131lmas\u0131n\u0131 sa\u011flamalar\u0131 \u00e7a\u011fr\u0131s\u0131nda bulundu.<\/p>\n","protected":false},"excerpt":{"rendered":"<p>NEW YORK (SANA)-\u00a0 Birle\u015fmi\u015f Milletler Suriye \u00d6zel Temsilcisi Geir Pedersen, Suriye Demokratik G\u00fc\u00e7leri&#8217;nin Suriye devlet kurumlar\u0131na entegre edilmesine y\u00f6nelik anla\u015fmay\u0131 memnuniyetle kar\u015f\u0131layarak, bu anla\u015fman\u0131n daha geni\u015f, daha g\u00fcvenilir ve kapsaml\u0131 bir siyasi ge\u00e7i\u015f s\u00fcrecini destekleyece\u011fini umdu\u011funu ifade etti. Pedersen, X platformundaki hesab\u0131nda art arda att\u0131\u011f\u0131 tweetlerde, Amerika Birle\u015fik Devletleri, T\u00fcrkiye ve b\u00f6lgesel ortaklar da dahil &hellip;<\/p>\n","protected":false},"author":39,"featured_media":316934,"comment_status":"closed","ping_status":"closed","sticky":false,"template":"","format":"standard","meta":{"footnotes":""},"categories":[458,589,459,17988],"tags":[],"class_list":["post-316933","post","type-post","status-publish","format-standard","has-post-thumbnail","","category-dunya1","category-haber-seridi","category-haberler-arap-uluslararasi-politika","category-son-haberler"],"_links":{"self":[{"href":"https:\/\/archive.sana.sy\/tr\/index.php?rest_route=\/wp\/v2\/posts\/316933","targetHints":{"allow":["GET"]}}],"collection":[{"href":"https:\/\/archive.sana.sy\/tr\/index.php?rest_route=\/wp\/v2\/posts"}],"about":[{"href":"https:\/\/archive.sana.sy\/tr\/index.php?rest_route=\/wp\/v2\/types\/post"}],"author":[{"embeddable":true,"href":"https:\/\/archive.sana.sy\/tr\/index.php?rest_route=\/wp\/v2\/users\/39"}],"replies":[{"embeddable":true,"href":"https:\/\/archive.sana.sy\/tr\/index.php?rest_route=%2Fwp%2Fv2%2Fcomments&post=316933"}],"version-history":[{"count":3,"href":"https:\/\/archive.sana.sy\/tr\/index.php?rest_route=\/wp\/v2\/posts\/316933\/revisions"}],"predecessor-version":[{"id":316937,"href":"https:\/\/archive.sana.sy\/tr\/index.php?rest_route=\/wp\/v2\/posts\/316933\/revisions\/316937"}],"wp:featuredmedia":[{"embeddable":true,"href":"https:\/\/archive.sana.sy\/tr\/index.php?rest_route=\/wp\/v2\/media\/316934"}],"wp:attachment":[{"href":"https:\/\/archive.sana.sy\/tr\/index.php?rest_route=%2Fwp%2Fv2%2Fmedia&parent=316933"}],"wp:term":[{"taxonomy":"category","embeddable":true,"href":"https:\/\/archive.sana.sy\/tr\/index.php?rest_route=%2Fwp%2Fv2%2Fcategories&post=316933"},{"taxonomy":"post_tag","embeddable":true,"href":"https:\/\/archive.sana.sy\/tr\/index.php?rest_route=%2Fwp%2Fv2%2Ftags&post=316933"}],"curies":[{"name":"wp","href":"https:\/\/api.w.org\/{rel}","templated":true}]}}