{"id":317015,"date":"2025-03-13T09:21:11","date_gmt":"2025-03-13T06:21:11","guid":{"rendered":"https:\/\/sana.sy\/tr\/?p=317015"},"modified":"2025-03-13T09:21:11","modified_gmt":"2025-03-13T06:21:11","slug":"devrik-rejimin-kalintilarinin-lazkiye-kirsalindaki-askeri-kislayi-hedef-alan-saldiri-girisimi-engellendi","status":"publish","type":"post","link":"https:\/\/archive.sana.sy\/tr\/?p=317015","title":{"rendered":"Devrik Rejimin Kal\u0131nt\u0131lar\u0131n\u0131n Lazkiye K\u0131rsal\u0131ndaki Askeri K\u0131\u015flay\u0131 Hedef Alan Sald\u0131r\u0131 Giri\u015fimi Engellendi"},"content":{"rendered":"<p style=\"text-align: justify;\"><strong>\u015eAM (SANA) \u2013 <\/strong>Savunma Bakanl\u0131\u011f\u0131&#8217;ndan bir kaynak, SANA&#8217;ya yapt\u0131\u011f\u0131 a\u00e7\u0131klamada, eski rejimin kal\u0131nt\u0131lar\u0131ndan olu\u015fan bir grubun Lazkiye k\u0131rsal\u0131ndaki askeri k\u0131\u015flan\u0131n kap\u0131s\u0131na sald\u0131r\u0131 giri\u015fiminde bulundu\u011funu duyurdu.<\/p>\n<p style=\"text-align: justify;\">Kaynak, grup \u00fcyeleriyle ya\u015fanan \u00e7at\u0131\u015fman\u0131n ard\u0131ndan k\u0131\u015fla muhaf\u0131zlar\u0131n\u0131n sald\u0131r\u0131y\u0131 engelledi\u011fini ve 4 ki\u015fiyi tutuklad\u0131\u011f\u0131n\u0131 belirtti.<\/p>\n","protected":false},"excerpt":{"rendered":"<p>\u015eAM (SANA) \u2013 Savunma Bakanl\u0131\u011f\u0131&#8217;ndan bir kaynak, SANA&#8217;ya yapt\u0131\u011f\u0131 a\u00e7\u0131klamada, eski rejimin kal\u0131nt\u0131lar\u0131ndan olu\u015fan bir grubun Lazkiye k\u0131rsal\u0131ndaki askeri k\u0131\u015flan\u0131n kap\u0131s\u0131na sald\u0131r\u0131 giri\u015fiminde bulundu\u011funu duyurdu. Kaynak, grup \u00fcyeleriyle ya\u015fanan \u00e7at\u0131\u015fman\u0131n ard\u0131ndan k\u0131\u015fla muhaf\u0131zlar\u0131n\u0131n sald\u0131r\u0131y\u0131 engelledi\u011fini ve 4 ki\u015fiyi tutuklad\u0131\u011f\u0131n\u0131 belirtti.<\/p>\n","protected":false},"author":39,"featured_media":317016,"comment_status":"closed","ping_status":"closed","sticky":false,"template":"","format":"standard","meta":{"footnotes":""},"categories":[589,479,17988,478],"tags":[],"class_list":["post-317015","post","type-post","status-publish","format-standard","has-post-thumbnail","","category-haber-seridi","category-haberler-yerel","category-son-haberler","category-yerel"],"_links":{"self":[{"href":"https:\/\/archive.sana.sy\/tr\/index.php?rest_route=\/wp\/v2\/posts\/317015","targetHints":{"allow":["GET"]}}],"collection":[{"href":"https:\/\/archive.sana.sy\/tr\/index.php?rest_route=\/wp\/v2\/posts"}],"about":[{"href":"https:\/\/archive.sana.sy\/tr\/index.php?rest_route=\/wp\/v2\/types\/post"}],"author":[{"embeddable":true,"href":"https:\/\/archive.sana.sy\/tr\/index.php?rest_route=\/wp\/v2\/users\/39"}],"replies":[{"embeddable":true,"href":"https:\/\/archive.sana.sy\/tr\/index.php?rest_route=%2Fwp%2Fv2%2Fcomments&post=317015"}],"version-history":[{"count":1,"href":"https:\/\/archive.sana.sy\/tr\/index.php?rest_route=\/wp\/v2\/posts\/317015\/revisions"}],"predecessor-version":[{"id":317017,"href":"https:\/\/archive.sana.sy\/tr\/index.php?rest_route=\/wp\/v2\/posts\/317015\/revisions\/317017"}],"wp:featuredmedia":[{"embeddable":true,"href":"https:\/\/archive.sana.sy\/tr\/index.php?rest_route=\/wp\/v2\/media\/317016"}],"wp:attachment":[{"href":"https:\/\/archive.sana.sy\/tr\/index.php?rest_route=%2Fwp%2Fv2%2Fmedia&parent=317015"}],"wp:term":[{"taxonomy":"category","embeddable":true,"href":"https:\/\/archive.sana.sy\/tr\/index.php?rest_route=%2Fwp%2Fv2%2Fcategories&post=317015"},{"taxonomy":"post_tag","embeddable":true,"href":"https:\/\/archive.sana.sy\/tr\/index.php?rest_route=%2Fwp%2Fv2%2Ftags&post=317015"}],"curies":[{"name":"wp","href":"https:\/\/api.w.org\/{rel}","templated":true}]}}