{"id":317035,"date":"2025-03-13T17:03:58","date_gmt":"2025-03-13T14:03:58","guid":{"rendered":"https:\/\/sana.sy\/tr\/?p=317035"},"modified":"2025-03-13T17:03:58","modified_gmt":"2025-03-13T14:03:58","slug":"israilin-masru-dummarda-bir-konutu-hedef-almasi-sonucu-3-kisi-yaralandi","status":"publish","type":"post","link":"https:\/\/archive.sana.sy\/tr\/?p=317035","title":{"rendered":"\u0130srail\u2019in Ma\u015fru Dummar\u2019da Bir Konutu Hedef Almas\u0131 Sonucu 3 Ki\u015fi Yaraland\u0131"},"content":{"rendered":"<p style=\"text-align: justify;\"><strong><span style=\"color: #800000;\">\u015eAM (SANA)<\/span> \u2013<\/strong> \u00a0\u0130srail&#8217;in bug\u00fcn \u015eam&#8217;daki Ma\u015fru Dummar\u2019da bir binay\u0131 hedef alarak d\u00fczenledi\u011fi sald\u0131r\u0131da, aralar\u0131nda ya\u015fl\u0131 bir kad\u0131n\u0131n da bulundu\u011fu 3 ki\u015fi yaraland\u0131.<\/p>\n<p style=\"text-align: justify;\">\u015eam ve K\u0131rsal\u0131ndaki Sivil Savunma Sorumlusu Hasan El Hasan, SANA muhabirine yapt\u0131\u011f\u0131 a\u00e7\u0131klamada, sald\u0131r\u0131da bir konut binas\u0131nda \u00f6nemli hasar meydana geldi\u011fini, biti\u015fikteki iki binan\u0131n da k\u0131smen hasar g\u00f6rd\u00fc\u011f\u00fcn\u00fc ve burada yang\u0131n \u00e7\u0131kt\u0131\u011f\u0131n\u0131 s\u00f6yledi.<\/p>\n<p style=\"text-align: justify;\">El Hasan ayr\u0131ca, sivil savunma ekiplerinin derhal olay yerine gelerek yang\u0131n\u0131 s\u00f6nd\u00fcrd\u00fc\u011f\u00fcn\u00fc anlatt\u0131.<\/p>\n<div id='gallery-1' class='gallery galleryid-317035 gallery-columns-3 gallery-size-thumbnail'><figure class='gallery-item'>\n\t\t\t<div class='gallery-icon landscape'>\n\t\t\t\t<a href='https:\/\/archive.sana.sy\/tr\/?attachment_id=317037'><img loading=\"lazy\" decoding=\"async\" width=\"150\" height=\"150\" src=\"https:\/\/archive.sana.sy\/tr\/wp-content\/uploads\/2025\/03\/6-3-150x150.jpg\" class=\"attachment-thumbnail size-thumbnail\" alt=\"\" \/><\/a>\n\t\t\t<\/div><\/figure><figure class='gallery-item'>\n\t\t\t<div class='gallery-icon landscape'>\n\t\t\t\t<a href='https:\/\/archive.sana.sy\/tr\/?attachment_id=317038'><img loading=\"lazy\" decoding=\"async\" width=\"150\" height=\"150\" src=\"https:\/\/archive.sana.sy\/tr\/wp-content\/uploads\/2025\/03\/5-3-150x150.jpg\" class=\"attachment-thumbnail size-thumbnail\" alt=\"\" \/><\/a>\n\t\t\t<\/div><\/figure><figure class='gallery-item'>\n\t\t\t<div class='gallery-icon landscape'>\n\t\t\t\t<a href='https:\/\/archive.sana.sy\/tr\/?attachment_id=317039'><img loading=\"lazy\" decoding=\"async\" width=\"150\" height=\"150\" src=\"https:\/\/archive.sana.sy\/tr\/wp-content\/uploads\/2025\/03\/4-8-150x150.jpg\" class=\"attachment-thumbnail size-thumbnail\" alt=\"\" \/><\/a>\n\t\t\t<\/div><\/figure><figure class='gallery-item'>\n\t\t\t<div class='gallery-icon landscape'>\n\t\t\t\t<a href='https:\/\/archive.sana.sy\/tr\/?attachment_id=317040'><img loading=\"lazy\" decoding=\"async\" width=\"150\" height=\"150\" src=\"https:\/\/archive.sana.sy\/tr\/wp-content\/uploads\/2025\/03\/3-9-150x150.jpg\" class=\"attachment-thumbnail size-thumbnail\" alt=\"\" \/><\/a>\n\t\t\t<\/div><\/figure><figure class='gallery-item'>\n\t\t\t<div class='gallery-icon landscape'>\n\t\t\t\t<a href='https:\/\/archive.sana.sy\/tr\/?attachment_id=317041'><img loading=\"lazy\" decoding=\"async\" width=\"150\" height=\"150\" src=\"https:\/\/archive.sana.sy\/tr\/wp-content\/uploads\/2025\/03\/2-13-150x150.jpg\" class=\"attachment-thumbnail size-thumbnail\" alt=\"\" \/><\/a>\n\t\t\t<\/div><\/figure><figure class='gallery-item'>\n\t\t\t<div class='gallery-icon landscape'>\n\t\t\t\t<a href='https:\/\/archive.sana.sy\/tr\/?attachment_id=317042'><img loading=\"lazy\" decoding=\"async\" width=\"150\" height=\"150\" src=\"https:\/\/archive.sana.sy\/tr\/wp-content\/uploads\/2025\/03\/1-11-150x150.jpg\" class=\"attachment-thumbnail size-thumbnail\" alt=\"\" \/><\/a>\n\t\t\t<\/div><\/figure>\n\t\t<\/div>\n\n","protected":false},"excerpt":{"rendered":"<p>\u015eAM (SANA) \u2013 \u00a0\u0130srail&#8217;in bug\u00fcn \u015eam&#8217;daki Ma\u015fru Dummar\u2019da bir binay\u0131 hedef alarak d\u00fczenledi\u011fi sald\u0131r\u0131da, aralar\u0131nda ya\u015fl\u0131 bir kad\u0131n\u0131n da bulundu\u011fu 3 ki\u015fi yaraland\u0131. \u015eam ve K\u0131rsal\u0131ndaki Sivil Savunma Sorumlusu Hasan El Hasan, SANA muhabirine yapt\u0131\u011f\u0131 a\u00e7\u0131klamada, sald\u0131r\u0131da bir konut binas\u0131nda \u00f6nemli hasar meydana geldi\u011fini, biti\u015fikteki iki binan\u0131n da k\u0131smen hasar g\u00f6rd\u00fc\u011f\u00fcn\u00fc ve burada yang\u0131n \u00e7\u0131kt\u0131\u011f\u0131n\u0131 &hellip;<\/p>\n","protected":false},"author":41,"featured_media":317036,"comment_status":"closed","ping_status":"closed","sticky":false,"template":"","format":"standard","meta":{"footnotes":""},"categories":[589,479,17988,478],"tags":[43538],"class_list":["post-317035","post","type-post","status-publish","format-standard","has-post-thumbnail","","category-haber-seridi","category-haberler-yerel","category-son-haberler","category-yerel","tag-israilin-masru-dummarda-bir-konutu-hedef-almasi-sonucu-3-kisi-yaralandi"],"_links":{"self":[{"href":"https:\/\/archive.sana.sy\/tr\/index.php?rest_route=\/wp\/v2\/posts\/317035","targetHints":{"allow":["GET"]}}],"collection":[{"href":"https:\/\/archive.sana.sy\/tr\/index.php?rest_route=\/wp\/v2\/posts"}],"about":[{"href":"https:\/\/archive.sana.sy\/tr\/index.php?rest_route=\/wp\/v2\/types\/post"}],"author":[{"embeddable":true,"href":"https:\/\/archive.sana.sy\/tr\/index.php?rest_route=\/wp\/v2\/users\/41"}],"replies":[{"embeddable":true,"href":"https:\/\/archive.sana.sy\/tr\/index.php?rest_route=%2Fwp%2Fv2%2Fcomments&post=317035"}],"version-history":[{"count":1,"href":"https:\/\/archive.sana.sy\/tr\/index.php?rest_route=\/wp\/v2\/posts\/317035\/revisions"}],"predecessor-version":[{"id":317043,"href":"https:\/\/archive.sana.sy\/tr\/index.php?rest_route=\/wp\/v2\/posts\/317035\/revisions\/317043"}],"wp:featuredmedia":[{"embeddable":true,"href":"https:\/\/archive.sana.sy\/tr\/index.php?rest_route=\/wp\/v2\/media\/317036"}],"wp:attachment":[{"href":"https:\/\/archive.sana.sy\/tr\/index.php?rest_route=%2Fwp%2Fv2%2Fmedia&parent=317035"}],"wp:term":[{"taxonomy":"category","embeddable":true,"href":"https:\/\/archive.sana.sy\/tr\/index.php?rest_route=%2Fwp%2Fv2%2Fcategories&post=317035"},{"taxonomy":"post_tag","embeddable":true,"href":"https:\/\/archive.sana.sy\/tr\/index.php?rest_route=%2Fwp%2Fv2%2Ftags&post=317035"}],"curies":[{"name":"wp","href":"https:\/\/api.w.org\/{rel}","templated":true}]}}